{"id":895,"date":"2020-12-01T12:24:26","date_gmt":"2020-12-01T12:24:26","guid":{"rendered":"https:\/\/sincomavi.net\/?p=895"},"modified":"2025-04-23T13:45:56","modified_gmt":"2025-04-23T13:45:56","slug":"de-mais-personalidade-aos-seus-ambientes","status":"publish","type":"post","link":"https:\/\/sincomavi.net\/index.php\/2020\/12\/01\/de-mais-personalidade-aos-seus-ambientes\/","title":{"rendered":"D\u00ea mais personalidade aos seus ambientes"},"content":{"rendered":"<p>As cores cumprem papel fundamental na composi\u00e7\u00e3o dos espa\u00e7os e para expressar a personalidade dos moradores. Sua influ\u00eancia tem a capacidade de dotar os ambientes com aspecto mais vibrante, confort\u00e1vel ou relaxante.<\/p>\n<p>Logicamente, essa percep\u00e7\u00e3o das cores tamb\u00e9m est\u00e1 condicionada \u00e0s nossas experi\u00eancias pessoais, como lembra arquiteta Isabella Nalon. \u201cA leitura que fazemos de cada cor est\u00e1 diretamente relacionada com as viv\u00eancias que tivemos desde nosso nascimento, al\u00e9m de nossas tradi\u00e7\u00f5es, cultura e \u00e9poca hist\u00f3rica\u201d, ressalta.<\/p>\n<figure id=\"attachment_896\" aria-describedby=\"caption-attachment-896\" style=\"width: 461px\" class=\"wp-caption aligncenter\"><img fetchpriority=\"high\" decoding=\"async\" class=\"wp-image-896 size-full\" src=\"https:\/\/sincomavi.net\/wp-content\/uploads\/2020\/12\/isabella1.jpg\" alt=\"\" width=\"461\" height=\"308\" srcset=\"https:\/\/sincomavi.net\/wp-content\/uploads\/2020\/12\/isabella1.jpg 461w, https:\/\/sincomavi.net\/wp-content\/uploads\/2020\/12\/isabella1-300x200.jpg 300w\" sizes=\"(max-width: 461px) 100vw, 461px\" \/><figcaption id=\"caption-attachment-896\" class=\"wp-caption-text\">Projeto: Isabella Nalon | Foto: Julia Herman<\/figcaption><\/figure>\n<p>O branco e o preto, por exemplo, apesar de serem neutros, conseguem desempenhar pap\u00e9is diferentes na decora\u00e7\u00e3o. Enquanto o primeiro, branco, segue uma linha mais tranquila e relaxante, o preto tende a criar nos espa\u00e7os uma atmosfera mais imponente e requintada. No entanto, seu uso intenso pode proporcionar resultado negativo. \u201cPor ser neutra, \u00e9 uma cor vers\u00e1til que permite uma combina\u00e7\u00e3o harmoniosa com qualquer outra cor. Quando usada em excesso a decora\u00e7\u00e3o pode ganhar um ar de mist\u00e9rio ou de medo\u201d, alerta Isabella.<\/p>\n<figure id=\"attachment_897\" aria-describedby=\"caption-attachment-897\" style=\"width: 901px\" class=\"wp-caption aligncenter\"><img decoding=\"async\" class=\"wp-image-897 size-full\" src=\"https:\/\/sincomavi.net\/wp-content\/uploads\/2020\/12\/isabella2.jpg\" alt=\"\" width=\"901\" height=\"602\" srcset=\"https:\/\/sincomavi.net\/wp-content\/uploads\/2020\/12\/isabella2.jpg 901w, https:\/\/sincomavi.net\/wp-content\/uploads\/2020\/12\/isabella2-300x200.jpg 300w, https:\/\/sincomavi.net\/wp-content\/uploads\/2020\/12\/isabella2-768x513.jpg 768w\" sizes=\"(max-width: 901px) 100vw, 901px\" \/><figcaption id=\"caption-attachment-897\" class=\"wp-caption-text\">Projeto: Isabella Nalon | Foto: Julia Herman<\/figcaption><\/figure>\n<p>Outras cores muito utilizadas s\u00e3o vermelho, azul e amarelo. Em todos os casos \u00e9 preciso ter preocupa\u00e7\u00e3o com a harmoniza\u00e7\u00e3o e evitar exageros. Quanto mais forte for a tonalidade, maior dever\u00e1 ser a parcim\u00f4nia. Enquanto detalhes em vermelho tornam os espa\u00e7os mais aconchegantes e calorosos, o azul proporciona maior frescor. J\u00e1 o amarelo tem a capacidade de aquecer suavemente os ambientes, al\u00e9m de ser estimulante.<\/p>\n<p>As tonalidades mais empregadas est\u00e3o estreitamente vinculadas \u00e0 natureza: o verde e os amadeirados. Tal prefer\u00eancia n\u00e3o \u00e9 sem raz\u00e3o, essas cores conseguem oferecer um efeito mais calmante, aconchegante e de equil\u00edbrio.<\/p>\n<p>O rosa, geralmente utilizado em quartos de beb\u00ea, \u00e9 capaz de remeter \u00e0 um sentimento de pureza e inoc\u00eancia. \u201cPela sua for\u00e7a, esse tom pode ser aplicado em objetos de decora\u00e7\u00e3o ou alguns m\u00f3veis\u201d, explica Isabella Nalon.<\/p>\n<figure id=\"attachment_899\" aria-describedby=\"caption-attachment-899\" style=\"width: 1024px\" class=\"wp-caption aligncenter\"><img decoding=\"async\" class=\"wp-image-899 size-large\" src=\"https:\/\/sincomavi.net\/wp-content\/uploads\/2020\/12\/1_CrisSchiavoni_RuaPiracuama_RafaelRenzo-2-88-1024x682.jpg\" alt=\"\" width=\"1024\" height=\"682\" srcset=\"https:\/\/sincomavi.net\/wp-content\/uploads\/2020\/12\/1_CrisSchiavoni_RuaPiracuama_RafaelRenzo-2-88-1024x682.jpg 1024w, https:\/\/sincomavi.net\/wp-content\/uploads\/2020\/12\/1_CrisSchiavoni_RuaPiracuama_RafaelRenzo-2-88-300x200.jpg 300w, https:\/\/sincomavi.net\/wp-content\/uploads\/2020\/12\/1_CrisSchiavoni_RuaPiracuama_RafaelRenzo-2-88-768x512.jpg 768w, https:\/\/sincomavi.net\/wp-content\/uploads\/2020\/12\/1_CrisSchiavoni_RuaPiracuama_RafaelRenzo-2-88.jpg 1400w\" sizes=\"(max-width: 1024px) 100vw, 1024px\" \/><figcaption id=\"caption-attachment-899\" class=\"wp-caption-text\">Projeto: Cristiane Schiavoni | Foto: Rafael Renzo<\/figcaption><\/figure>\n<p>A arquiteta Cristiane Schiavoni, por sua vez, afirma que o rosa pode ser aplicado em ambientes neutros e at\u00e9 com caracter\u00edsticas masculinas: \u201cSempre digo que n\u00e3o existem os ant\u00f4nimos aplicados para uma cor, como o bonito ou feio, cafona ou chique e a aplica\u00e7\u00e3o de g\u00eaneros. Todas as cores e suas tonalidades podem ser sofisticadas, inclusive o rosa\u201d, afirma. Em sua opini\u00e3o, \u00e9 poss\u00edvel colocar essa tonalidade em paredes, m\u00f3veis e objetos de decora\u00e7\u00e3o sem medo de errar. \u201cO rosa cabe perfeitamente em diferentes propostas, sempre trazendo acolhimento e felicidade para os ambientes\u201d, garante Cristiane.<\/p>\n<figure id=\"attachment_900\" aria-describedby=\"caption-attachment-900\" style=\"width: 871px\" class=\"wp-caption aligncenter\"><img loading=\"lazy\" decoding=\"async\" class=\"wp-image-900 size-full\" src=\"https:\/\/sincomavi.net\/wp-content\/uploads\/2020\/12\/unnamed-3.jpg\" alt=\"\" width=\"871\" height=\"581\" srcset=\"https:\/\/sincomavi.net\/wp-content\/uploads\/2020\/12\/unnamed-3.jpg 871w, https:\/\/sincomavi.net\/wp-content\/uploads\/2020\/12\/unnamed-3-300x200.jpg 300w, https:\/\/sincomavi.net\/wp-content\/uploads\/2020\/12\/unnamed-3-768x512.jpg 768w\" sizes=\"(max-width: 871px) 100vw, 871px\" \/><figcaption id=\"caption-attachment-900\" class=\"wp-caption-text\">Projeto: Renan Altera | Foto: Photons Fotografia | Henrique Ribeiro<\/figcaption><\/figure>\n<p>Uma tonalidade que serve como porto seguro \u00e9 o cinza. Sua neutralidade torna f\u00e1cil a harmoniza\u00e7\u00e3o com outras cores. Segundo a arquiteta Carina Dal Fabro, \u201centre suas caracter\u00edsticas, o cinza tem a capacidade de enaltecer as cores que o acompanham, destacando principalmente os tons amadeirados\u201d. Ele tamb\u00e9m pode ser utilizado com tons mais vibrantes, como turquesa, laranja, verde, amarelo ou at\u00e9 mesmo um pink com \u00f3timos resultados. \u201cIndependentemente do objeto decorativo, gosto bastante de trabalhar com o contraponto de cor. Itens de madeira, brancos, verdes e vermelhos s\u00e3o os meus favoritos em uma base cinza\u201d, exemplifica Carina.<\/p>\n<figure id=\"attachment_901\" aria-describedby=\"caption-attachment-901\" style=\"width: 785px\" class=\"wp-caption aligncenter\"><img loading=\"lazy\" decoding=\"async\" class=\"wp-image-901 size-full\" src=\"https:\/\/sincomavi.net\/wp-content\/uploads\/2020\/12\/dantas.jpg\" alt=\"\" width=\"785\" height=\"524\" srcset=\"https:\/\/sincomavi.net\/wp-content\/uploads\/2020\/12\/dantas.jpg 785w, https:\/\/sincomavi.net\/wp-content\/uploads\/2020\/12\/dantas-300x200.jpg 300w, https:\/\/sincomavi.net\/wp-content\/uploads\/2020\/12\/dantas-768x513.jpg 768w\" sizes=\"(max-width: 785px) 100vw, 785px\" \/><figcaption id=\"caption-attachment-901\" class=\"wp-caption-text\">Projeto: Dantas &amp; Passos Arquitetura | Foto: Maura Mello<\/figcaption><\/figure>\n<p><strong>Isabella Nalon<\/strong><br \/>\n<strong>Telefone:<\/strong> (11) 94453-5500<strong><br \/>\nInstagram:<\/strong> @isabellanalon<br \/>\n<strong>Linkedin:<\/strong> Isabella Nalon<br \/>\n<strong><a href=\"http:\/\/www.isabellanalon.com\">www.isabellanalon.com<\/a><\/strong><\/p>\n<p><strong>Cristiane Schiavoni<\/strong><br \/>\n<strong>Telefone:<\/strong> (11) 3649 4900<br \/>\n<strong>Instagram:<\/strong> @cristianeschiavoni<br \/>\n<strong><a href=\"http:\/\/www.cristianeschiavoni.com.br\">www.cristianeschiavoni.com.br<\/a><\/strong><\/p>\n<p><strong>Carina Dal Fabbro Arquitetura<\/strong><br \/>\n<strong>Instagram:<\/strong> @carinadalfabbroarq<br \/>\n<strong><a href=\"http:\/\/www.carinadalfabbro.com.br\">www.carinadalfabbro.com.br<\/a><\/strong><\/p>\n","protected":false},"excerpt":{"rendered":"<p>As cores cumprem papel fundamental na composi\u00e7\u00e3o dos espa\u00e7os e para expressar a personalidade dos moradores. Sua influ\u00eancia tem a capacidade de dotar os ambientes com aspecto mais vibrante, confort\u00e1vel ou relaxante. Logicamente, essa percep\u00e7\u00e3o das cores tamb\u00e9m est\u00e1 condicionada \u00e0s nossas experi\u00eancias pessoais, como lembra arquiteta Isabella Nalon. \u201cA leitura que fazemos de cada [&hellip;]<\/p>\n","protected":false},"author":2,"featured_media":903,"comment_status":"closed","ping_status":"open","sticky":false,"template":"","format":"standard","meta":{"footnotes":""},"categories":[51],"tags":[179,240],"class_list":["post-895","post","type-post","status-publish","format-standard","has-post-thumbnail","hentry","category-retrofit-e-reformas","tag-decoracao","tag-personalizacao"],"_links":{"self":[{"href":"https:\/\/sincomavi.net\/index.php\/wp-json\/wp\/v2\/posts\/895","targetHints":{"allow":["GET"]}}],"collection":[{"href":"https:\/\/sincomavi.net\/index.php\/wp-json\/wp\/v2\/posts"}],"about":[{"href":"https:\/\/sincomavi.net\/index.php\/wp-json\/wp\/v2\/types\/post"}],"author":[{"embeddable":true,"href":"https:\/\/sincomavi.net\/index.php\/wp-json\/wp\/v2\/users\/2"}],"replies":[{"embeddable":true,"href":"https:\/\/sincomavi.net\/index.php\/wp-json\/wp\/v2\/comments?post=895"}],"version-history":[{"count":3,"href":"https:\/\/sincomavi.net\/index.php\/wp-json\/wp\/v2\/posts\/895\/revisions"}],"predecessor-version":[{"id":2126,"href":"https:\/\/sincomavi.net\/index.php\/wp-json\/wp\/v2\/posts\/895\/revisions\/2126"}],"wp:featuredmedia":[{"embeddable":true,"href":"https:\/\/sincomavi.net\/index.php\/wp-json\/wp\/v2\/media\/903"}],"wp:attachment":[{"href":"https:\/\/sincomavi.net\/index.php\/wp-json\/wp\/v2\/media?parent=895"}],"wp:term":[{"taxonomy":"category","embeddable":true,"href":"https:\/\/sincomavi.net\/index.php\/wp-json\/wp\/v2\/categories?post=895"},{"taxonomy":"post_tag","embeddable":true,"href":"https:\/\/sincomavi.net\/index.php\/wp-json\/wp\/v2\/tags?post=895"}],"curies":[{"name":"wp","href":"https:\/\/api.w.org\/{rel}","templated":true}]}}