{"id":818,"date":"2020-10-23T16:20:03","date_gmt":"2020-10-23T16:20:03","guid":{"rendered":"https:\/\/sincomavi.net\/?p=818"},"modified":"2025-04-23T13:47:48","modified_gmt":"2025-04-23T13:47:48","slug":"pratico-como-tudo-deve-ser","status":"publish","type":"post","link":"https:\/\/sincomavi.net\/index.php\/2020\/10\/23\/pratico-como-tudo-deve-ser\/","title":{"rendered":"Pr\u00e1tico, como tudo deve ser"},"content":{"rendered":"<p class=\"ANDRECxSpMiddle\">O desejo se mostrava bastante claro: um ref\u00fagio em Porto Alegre (RS) para visitar e curtir os netos. De posse dessas informa\u00e7\u00f5es, a arquiteta Aclaene de Mello lan\u00e7ou m\u00e3o de um projeto de reforma que esbanja praticidade de uso e conforto. \u201cOs ambientes s\u00e3o minimalistas e bem-resolvidos para permitir \u00e0 fam\u00edlia ter seu verdadeiro descanso nos dias na capital ga\u00facha\u201d, comenta.<\/p>\n<p class=\"ANDRECxSpMiddle\"><img fetchpriority=\"high\" decoding=\"async\" class=\"alignnone wp-image-819 size-large\" src=\"https:\/\/sincomavi.net\/wp-content\/uploads\/2020\/10\/SACADA-1024x682.jpg\" alt=\"\" width=\"1024\" height=\"682\" srcset=\"https:\/\/sincomavi.net\/wp-content\/uploads\/2020\/10\/SACADA-1024x682.jpg 1024w, https:\/\/sincomavi.net\/wp-content\/uploads\/2020\/10\/SACADA-300x200.jpg 300w, https:\/\/sincomavi.net\/wp-content\/uploads\/2020\/10\/SACADA-768x512.jpg 768w, https:\/\/sincomavi.net\/wp-content\/uploads\/2020\/10\/SACADA.jpg 1400w\" sizes=\"(max-width: 1024px) 100vw, 1024px\" \/><\/p>\n<p class=\"ANDRECxSpMiddle\">Para entregar uma solu\u00e7\u00e3o completa aos clientes, Aclaene definiu com exatid\u00e3o o que realmente precisavam e nem sabiam, bem como buscou formas de atender os gostos do casal, que contam com prefer\u00eancias totalmente diferentes. Esse \u201ccasamento\u201d foi uma das tarefas mais dif\u00edceis do projeto.<\/p>\n<p class=\"ANDRECxSpMiddle\"><img decoding=\"async\" class=\"alignnone wp-image-821 size-large\" src=\"https:\/\/sincomavi.net\/wp-content\/uploads\/2020\/10\/COZINHA-1024x682.jpg\" alt=\"\" width=\"1024\" height=\"682\" srcset=\"https:\/\/sincomavi.net\/wp-content\/uploads\/2020\/10\/COZINHA-1024x682.jpg 1024w, https:\/\/sincomavi.net\/wp-content\/uploads\/2020\/10\/COZINHA-300x200.jpg 300w, https:\/\/sincomavi.net\/wp-content\/uploads\/2020\/10\/COZINHA-768x512.jpg 768w, https:\/\/sincomavi.net\/wp-content\/uploads\/2020\/10\/COZINHA.jpg 1400w\" sizes=\"(max-width: 1024px) 100vw, 1024px\" \/><\/p>\n<p class=\"ANDRECxSpMiddle\">Al\u00e9m da ambienta\u00e7\u00e3o minimalista, outro desejo dos propriet\u00e1rios do im\u00f3vel era a ado\u00e7\u00e3o de uma paleta de cores em tons de cinza, com detalhes em preto e branco. Essa decora\u00e7\u00e3o mais clean dotou os espa\u00e7os de uma atmosfera mais tranquila \u2013 algo ideal para a faixa de idade dos clientes, com tr\u00eas filhos casados, e para os objetivos do projeto. Esse estilo pode ser melhor percebido nos acabamentos. Entre os exemplos mais marcantes est\u00e1 a bancada de granito preto da varanda, que assume o papel de interliga\u00e7\u00e3o visual da sacada com a sala. Para as paredes, essa \u00e1rea recebeu revestimento 3D, com cobertura que se estende tamb\u00e9m at\u00e9 o estar. A prefer\u00eancia para o piso recaiu sobre o porcelanato em tom cinza \u2013 f\u00e1cil de manter e limpar. A \u00e1rea em frente a pia da sacada que conta com granito preto, e o banheiro do casal, com porcelanatos cinza e prata.<\/p>\n<p class=\"ANDRECxSpMiddle\"><img decoding=\"async\" class=\"alignnone wp-image-820 size-large\" src=\"https:\/\/sincomavi.net\/wp-content\/uploads\/2020\/10\/dormitorio-1024x682.jpg\" alt=\"\" width=\"1024\" height=\"682\" srcset=\"https:\/\/sincomavi.net\/wp-content\/uploads\/2020\/10\/dormitorio-1024x682.jpg 1024w, https:\/\/sincomavi.net\/wp-content\/uploads\/2020\/10\/dormitorio-300x200.jpg 300w, https:\/\/sincomavi.net\/wp-content\/uploads\/2020\/10\/dormitorio-768x512.jpg 768w, https:\/\/sincomavi.net\/wp-content\/uploads\/2020\/10\/dormitorio.jpg 1400w\" sizes=\"(max-width: 1024px) 100vw, 1024px\" \/><\/p>\n<p class=\"ANDRECxSpMiddle\">O apartamento possui dois dormit\u00f3rios, dois banheiros, cozinha integrada com o estar e jantar, varanda e \u00e1rea de servi\u00e7os. Para obter o resultado esperado se mostrou necess\u00e1rio v\u00e1rias interven\u00e7\u00f5es, como pode ser observado abaixo.<\/p>\n<p><strong>Aclaene de Mello<\/strong><br \/>\n<strong>Telefone:<\/strong> (51) 999 692429<br \/>\nwww.instagram.com\/aclaenedemelloarquiteta\/<br \/>\nwww.facebook.com\/aclaenedemello<br \/>\nwww.linkedin.com\/in\/aclaene-de-mello-11b9b425\/<br \/>\n<strong>www.aclaene.com<\/strong><\/p>\n<p><strong>Fotos:<\/strong> Yuri Panichi[\/vc_column_text][vc_empty_space][vc_custom_heading text=&#8221;Associados Sincomavi&#8221;][wyz_featured autoplay=&#8221;true&#8221; autoplay_timeout=&#8221;4000&#8243; loop=&#8221;true&#8221; count=&#8221;50&#8243; lg-desktop-col=&#8221;4&#8243; md-desktop-col=&#8221;4&#8243; tablet-col=&#8221;2&#8243; mobile-col=&#8221;1&#8243;][\/vc_column][\/vc_row]<\/p>\n","protected":false},"excerpt":{"rendered":"<p>O desejo se mostrava bastante claro: um ref\u00fagio em Porto Alegre (RS) para visitar e curtir os netos. De posse dessas informa\u00e7\u00f5es, a arquiteta Aclaene de Mello lan\u00e7ou m\u00e3o de um projeto de reforma que esbanja praticidade de uso e conforto. \u201cOs ambientes s\u00e3o minimalistas e bem-resolvidos para permitir \u00e0 fam\u00edlia ter seu verdadeiro descanso [&hellip;]<\/p>\n","protected":false},"author":1,"featured_media":840,"comment_status":"closed","ping_status":"open","sticky":false,"template":"","format":"standard","meta":{"footnotes":""},"categories":[51],"tags":[178,230,204],"class_list":["post-818","post","type-post","status-publish","format-standard","has-post-thumbnail","hentry","category-retrofit-e-reformas","tag-apartamento","tag-clean","tag-contemporaneo"],"_links":{"self":[{"href":"https:\/\/sincomavi.net\/index.php\/wp-json\/wp\/v2\/posts\/818","targetHints":{"allow":["GET"]}}],"collection":[{"href":"https:\/\/sincomavi.net\/index.php\/wp-json\/wp\/v2\/posts"}],"about":[{"href":"https:\/\/sincomavi.net\/index.php\/wp-json\/wp\/v2\/types\/post"}],"author":[{"embeddable":true,"href":"https:\/\/sincomavi.net\/index.php\/wp-json\/wp\/v2\/users\/1"}],"replies":[{"embeddable":true,"href":"https:\/\/sincomavi.net\/index.php\/wp-json\/wp\/v2\/comments?post=818"}],"version-history":[{"count":8,"href":"https:\/\/sincomavi.net\/index.php\/wp-json\/wp\/v2\/posts\/818\/revisions"}],"predecessor-version":[{"id":2130,"href":"https:\/\/sincomavi.net\/index.php\/wp-json\/wp\/v2\/posts\/818\/revisions\/2130"}],"wp:featuredmedia":[{"embeddable":true,"href":"https:\/\/sincomavi.net\/index.php\/wp-json\/wp\/v2\/media\/840"}],"wp:attachment":[{"href":"https:\/\/sincomavi.net\/index.php\/wp-json\/wp\/v2\/media?parent=818"}],"wp:term":[{"taxonomy":"category","embeddable":true,"href":"https:\/\/sincomavi.net\/index.php\/wp-json\/wp\/v2\/categories?post=818"},{"taxonomy":"post_tag","embeddable":true,"href":"https:\/\/sincomavi.net\/index.php\/wp-json\/wp\/v2\/tags?post=818"}],"curies":[{"name":"wp","href":"https:\/\/api.w.org\/{rel}","templated":true}]}}