{"id":2654,"date":"2025-12-02T17:51:56","date_gmt":"2025-12-02T17:51:56","guid":{"rendered":"https:\/\/sincomavi.net\/?p=2654"},"modified":"2025-12-02T17:52:25","modified_gmt":"2025-12-02T17:52:25","slug":"reforma-transforma-apartamento-alugado-em-um-lar-moderno-e-acolhedor","status":"publish","type":"post","link":"https:\/\/sincomavi.net\/index.php\/2025\/12\/02\/reforma-transforma-apartamento-alugado-em-um-lar-moderno-e-acolhedor\/","title":{"rendered":"Reforma transforma apartamento alugado em um lar moderno e acolhedor"},"content":{"rendered":"\n<p>Um apartamento de 160 m\u00b2, na Vila Mariana (SP), ganhou uma nova leitura sem interven\u00e7\u00f5es estruturais. Assinado pelo arquiteto <strong>Paulo Tripoloni<\/strong>, o projeto mostra como solu\u00e7\u00f5es inteligentes de marcenaria, ilumina\u00e7\u00e3o e escolha de materiais podem renovar um im\u00f3vel inteiro sem recorrer ao tradicional quebra-quebra.<\/p>\n\n\n\n<p>Os moradores \u2014 um casal com dois filhos \u2014 queriam um espa\u00e7o com atmosfera de lar, mais funcional e alinhado ao dia a dia da fam\u00edlia. A partir disso, Paulo reorganizou ambientes, criou novos usos e aplicou uma paleta harmoniosa de azuis, brancos e madeira, mantendo piso, paredes e estrutura originais.<\/p>\n\n\n\n<figure class=\"wp-block-image size-full is-resized\"><img fetchpriority=\"high\" decoding=\"async\" width=\"1002\" height=\"490\" src=\"https:\/\/sincomavi.net\/wp-content\/uploads\/2025\/12\/p1.jpg\" alt=\"\" class=\"wp-image-2655\" style=\"width:599px;height:auto\" srcset=\"https:\/\/sincomavi.net\/wp-content\/uploads\/2025\/12\/p1.jpg 1002w, https:\/\/sincomavi.net\/wp-content\/uploads\/2025\/12\/p1-768x376.jpg 768w\" sizes=\"(max-width: 1002px) 100vw, 1002px\" \/><\/figure>\n\n\n\n<p>Ao entrar no im\u00f3vel, a sensa\u00e7\u00e3o \u00e9 de amplitude. A sala de TV recebeu um painel ripado em MDF freij\u00f3 que organiza eletr\u00f4nicos, esconde fios e cria unidade visual com prateleiras e rack cont\u00ednuo. A ilumina\u00e7\u00e3o em camadas complementa o conjunto, garantindo conforto tanto para ver TV quanto para receber amigos.<\/p>\n\n\n\n<p>No living, o destaque \u00e9 o <strong>sof\u00e1-ilha<\/strong>, pe\u00e7a que conecta os dois ambientes e permite m\u00faltiplas configura\u00e7\u00f5es, do descanso \u00e0 brincadeira com as crian\u00e7as. Na sala de jantar, uma textura que lembra cimento queimado e uma fotografia de paisagem trazem um toque urbano, iluminado naturalmente pela janela ao lado.<\/p>\n\n\n\n<figure class=\"wp-block-image size-large is-resized\"><img decoding=\"async\" width=\"1024\" height=\"337\" src=\"https:\/\/sincomavi.net\/wp-content\/uploads\/2025\/12\/p2-1024x337.jpg\" alt=\"\" class=\"wp-image-2656\" style=\"width:604px;height:auto\" srcset=\"https:\/\/sincomavi.net\/wp-content\/uploads\/2025\/12\/p2-1024x337.jpg 1024w, https:\/\/sincomavi.net\/wp-content\/uploads\/2025\/12\/p2-768x253.jpg 768w, https:\/\/sincomavi.net\/wp-content\/uploads\/2025\/12\/p2.jpg 1300w\" sizes=\"(max-width: 1024px) 100vw, 1024px\" \/><\/figure>\n\n\n\n<p>A cozinha, antes b\u00e1sica, passou pela mudan\u00e7a mais marcante. A marcenaria em azul-mineral e freij\u00f3 se combina \u00e0 bancada em granito branco ita\u00fanas escovado, formando um \u201cC\u201d que organiza melhor o preparo das refei\u00e7\u00f5es. No backsplash, as cer\u00e2micas Athos Bulc\u00e3o adicionam cor e ritmo.<\/p>\n\n\n\n<p>As escolhas priorizam resist\u00eancia, custo equilibrado e praticidade. Um canto do caf\u00e9 com buffet baixo, adega e cristaleira suspensa expande as possibilidades de uso no dia a dia.<\/p>\n\n\n\n<figure class=\"wp-block-image size-full is-resized\"><img decoding=\"async\" width=\"943\" height=\"627\" src=\"https:\/\/sincomavi.net\/wp-content\/uploads\/2025\/12\/01.jpg\" alt=\"\" class=\"wp-image-2659\" style=\"width:604px;height:auto\" srcset=\"https:\/\/sincomavi.net\/wp-content\/uploads\/2025\/12\/01.jpg 943w, https:\/\/sincomavi.net\/wp-content\/uploads\/2025\/12\/01-768x511.jpg 768w\" sizes=\"(max-width: 943px) 100vw, 943px\" \/><\/figure>\n\n\n\n<p>O antigo espa\u00e7o neutro virou um <strong>home office<\/strong> com prateleiras espessas e bancada ergon\u00f4mica. A composi\u00e7\u00e3o em preto e branco cria equil\u00edbrio entre trabalho e acolhimento, al\u00e9m de dar destaque \u00e0 cole\u00e7\u00e3o de livros do casal.<\/p>\n\n\n\n<p>A lavanderia segue a mesma identidade visual da cozinha, com bancada de granito e marcenaria em azul e freij\u00f3. Um ponto pr\u00e1tico do projeto \u00e9 a eleva\u00e7\u00e3o da m\u00e1quina de lavar, solu\u00e7\u00e3o simples que melhora o conforto no manuseio das roupas.<\/p>\n\n\n\n<figure class=\"wp-block-image size-full is-resized\"><img loading=\"lazy\" decoding=\"async\" width=\"945\" height=\"628\" src=\"https:\/\/sincomavi.net\/wp-content\/uploads\/2025\/12\/p4.jpg\" alt=\"\" class=\"wp-image-2658\" style=\"width:601px;height:auto\" srcset=\"https:\/\/sincomavi.net\/wp-content\/uploads\/2025\/12\/p4.jpg 945w, https:\/\/sincomavi.net\/wp-content\/uploads\/2025\/12\/p4-768x510.jpg 768w\" sizes=\"(max-width: 945px) 100vw, 945px\" \/><\/figure>\n\n\n\n<p>O quarto dos meninos unifica descanso, estudo e lazer em um \u00fanico ambiente. Para aproveitar melhor a \u00e1rea, uma das camas foi elevada e as duas \u00e1reas de estudo foram posicionadas nas extremidades. O arm\u00e1rio original foi atualizado com novas portas, puxadores e manuten\u00e7\u00e3o interna. Lumin\u00e1rias individuais ajudam a criar autonomia para cada crian\u00e7a.<\/p>\n\n\n\n<p>No quarto do casal, as mudan\u00e7as foram pontuais: nova marcenaria, pintura alinhada \u00e0 paleta geral e um closet reorganizado que faz a transi\u00e7\u00e3o entre dormit\u00f3rio e banheiro. J\u00e1 o <strong>banheiro da su\u00edte<\/strong> precisou de solu\u00e7\u00f5es flex\u00edveis por conta das limita\u00e7\u00f5es hidr\u00e1ulicas. O piso foi elevado dentro do poss\u00edvel, a banheira deu lugar a um box amplo e os revestimentos azulados criam um clima tranquilo. A bancada em m\u00e1rmore Carrara e os metais atualizados completam o ambiente.<\/p>\n\n\n\n<p><strong>Projeto: Atelier Paulo Tripoloni<\/strong><br><strong>Foto:<\/strong> Rafael Renzo<br><strong>Produ\u00e7\u00e3o: <\/strong>Mayra Navarro<\/p>\n","protected":false},"excerpt":{"rendered":"<p>Um apartamento de 160 m\u00b2, na Vila Mariana (SP), ganhou uma nova leitura sem interven\u00e7\u00f5es estruturais. Assinado pelo arquiteto Paulo Tripoloni, o projeto mostra como solu\u00e7\u00f5es inteligentes de marcenaria, ilumina\u00e7\u00e3o e escolha de materiais podem renovar um im\u00f3vel inteiro sem recorrer ao tradicional quebra-quebra. Os moradores \u2014 um casal com dois filhos \u2014 queriam um [&hellip;]<\/p>\n","protected":false},"author":2,"featured_media":2661,"comment_status":"closed","ping_status":"open","sticky":false,"template":"","format":"standard","meta":{"footnotes":""},"categories":[52],"tags":[178,204,175,179,188,201,195,176,56],"class_list":["post-2654","post","type-post","status-publish","format-standard","has-post-thumbnail","hentry","category-projeto","tag-apartamento","tag-contemporaneo","tag-cozinha","tag-decoracao","tag-designer-de-interiores","tag-espacos-inteligentes","tag-gourmet","tag-reforma","tag-residencia"],"_links":{"self":[{"href":"https:\/\/sincomavi.net\/index.php\/wp-json\/wp\/v2\/posts\/2654","targetHints":{"allow":["GET"]}}],"collection":[{"href":"https:\/\/sincomavi.net\/index.php\/wp-json\/wp\/v2\/posts"}],"about":[{"href":"https:\/\/sincomavi.net\/index.php\/wp-json\/wp\/v2\/types\/post"}],"author":[{"embeddable":true,"href":"https:\/\/sincomavi.net\/index.php\/wp-json\/wp\/v2\/users\/2"}],"replies":[{"embeddable":true,"href":"https:\/\/sincomavi.net\/index.php\/wp-json\/wp\/v2\/comments?post=2654"}],"version-history":[{"count":2,"href":"https:\/\/sincomavi.net\/index.php\/wp-json\/wp\/v2\/posts\/2654\/revisions"}],"predecessor-version":[{"id":2662,"href":"https:\/\/sincomavi.net\/index.php\/wp-json\/wp\/v2\/posts\/2654\/revisions\/2662"}],"wp:featuredmedia":[{"embeddable":true,"href":"https:\/\/sincomavi.net\/index.php\/wp-json\/wp\/v2\/media\/2661"}],"wp:attachment":[{"href":"https:\/\/sincomavi.net\/index.php\/wp-json\/wp\/v2\/media?parent=2654"}],"wp:term":[{"taxonomy":"category","embeddable":true,"href":"https:\/\/sincomavi.net\/index.php\/wp-json\/wp\/v2\/categories?post=2654"},{"taxonomy":"post_tag","embeddable":true,"href":"https:\/\/sincomavi.net\/index.php\/wp-json\/wp\/v2\/tags?post=2654"}],"curies":[{"name":"wp","href":"https:\/\/api.w.org\/{rel}","templated":true}]}}