{"id":2629,"date":"2025-10-07T09:29:00","date_gmt":"2025-10-07T09:29:00","guid":{"rendered":"https:\/\/sincomavi.net\/?p=2629"},"modified":"2025-10-06T21:36:48","modified_gmt":"2025-10-06T21:36:48","slug":"a-forca-das-cores-na-arquitetura-de-interiores","status":"publish","type":"post","link":"https:\/\/sincomavi.net\/index.php\/2025\/10\/07\/a-forca-das-cores-na-arquitetura-de-interiores\/","title":{"rendered":"A for\u00e7a das cores na arquitetura de interiores"},"content":{"rendered":"\n<p>Na arquitetura de interiores, a cor ultrapassa o campo da est\u00e9tica. Para as arquitetas <strong>Carolina Castilho<\/strong> e <strong>Marianna Teixeira<\/strong>, do escrit\u00f3rio <strong>Freij\u00f3 Arquitetura<\/strong>, ela \u00e9 um recurso t\u00e9cnico e emocional capaz de organizar espa\u00e7os, definir atmosferas e traduzir sensa\u00e7\u00f5es. O uso consciente da paleta crom\u00e1tica permite criar identidade sem depender apenas das tend\u00eancias. Em um dos projetos, a dupla integrou sala, cozinha e varanda com fluidez, mas manteve a sensa\u00e7\u00e3o de setoriza\u00e7\u00e3o ao combinar madeira no teto e branco nas \u00e1reas de estar. Em outro, o <strong>azul<\/strong> entrou como elemento de equil\u00edbrio entre o tijolinho e a madeira, suavizando o formato comprido da planta e tornando o ambiente mais acolhedor.<\/p>\n\n\n\n<p>Elas acreditam que o emprego das cores \u00e9 bastante vers\u00e1til e tem um impacto expressivo: &#8220;Um ambiente pode parecer maior quando paredes e mobili\u00e1rio s\u00e3o mais claros, al\u00e9m de contribu\u00edrem com a ilumina\u00e7\u00e3o geral. J\u00e1 os tons escuros s\u00e3o voltados a gerar impacto e contraste\u201d.<\/p>\n\n\n\n<figure class=\"wp-block-image size-large\"><img fetchpriority=\"high\" decoding=\"async\" width=\"1024\" height=\"287\" src=\"https:\/\/sincomavi.net\/wp-content\/uploads\/2025\/10\/1-1024x287.jpg\" alt=\"\" class=\"wp-image-2631\" srcset=\"https:\/\/sincomavi.net\/wp-content\/uploads\/2025\/10\/1-1024x287.jpg 1024w, https:\/\/sincomavi.net\/wp-content\/uploads\/2025\/10\/1-768x215.jpg 768w, https:\/\/sincomavi.net\/wp-content\/uploads\/2025\/10\/1-1536x430.jpg 1536w, https:\/\/sincomavi.net\/wp-content\/uploads\/2025\/10\/1-2048x574.jpg 2048w\" sizes=\"(max-width: 1024px) 100vw, 1024px\" \/><\/figure>\n\n\n\n<p><strong>Fotos: Patr\u00edcia Castilho<\/strong><\/p>\n\n\n\n<p>Em um terceiro projeto, a marcenaria de madeira foi protagonista: o painel que se estende pelo teto e hall cria uma esp\u00e9cie de \u201ccaixa\u201d que envolve o morador, ao mesmo tempo em que oculta o ar-condicionado e valoriza a ilumina\u00e7\u00e3o indireta. A cor tamb\u00e9m apareceu com for\u00e7a na entrada de outro apartamento, onde o <strong>p\u00f3rtico monocrom\u00e1tico azul<\/strong> cobre paredes, teto e porta, produzindo um efeito cenogr\u00e1fico e impactante.<\/p>\n\n\n\n<figure class=\"wp-block-image size-large\"><img decoding=\"async\" width=\"1024\" height=\"505\" src=\"https:\/\/sincomavi.net\/wp-content\/uploads\/2025\/10\/2-1024x505.jpg\" alt=\"\" class=\"wp-image-2632\" srcset=\"https:\/\/sincomavi.net\/wp-content\/uploads\/2025\/10\/2-1024x505.jpg 1024w, https:\/\/sincomavi.net\/wp-content\/uploads\/2025\/10\/2-768x379.jpg 768w, https:\/\/sincomavi.net\/wp-content\/uploads\/2025\/10\/2-1536x758.jpg 1536w, https:\/\/sincomavi.net\/wp-content\/uploads\/2025\/10\/2-2048x1011.jpg 2048w\" sizes=\"(max-width: 1024px) 100vw, 1024px\" \/><\/figure>\n\n\n\n<p><strong>Fotos: Mariana Camargo<\/strong><\/p>\n\n\n\n<p>Para encerrar, Carolina e Marianna destacam o papel da madeira como cor-base de muitos projetos. O piso de taco restaurado domina o living, enquanto o <strong>verde<\/strong> dos arm\u00e1rios e da ilha da cozinha cria contraste e delimita os espa\u00e7os. \u201cEssa troca de cores entre os materiais produz uma linha clara de transi\u00e7\u00e3o entre os ambientes e um visual surpreendente\u201d, conclui Carolina.<\/p>\n\n\n\n<p><\/p>\n","protected":false},"excerpt":{"rendered":"<p>Na arquitetura de interiores, a cor ultrapassa o campo da est\u00e9tica. Para as arquitetas Carolina Castilho e Marianna Teixeira, do escrit\u00f3rio Freij\u00f3 Arquitetura, ela \u00e9 um recurso t\u00e9cnico e emocional capaz de organizar espa\u00e7os, definir atmosferas e traduzir sensa\u00e7\u00f5es. O uso consciente da paleta crom\u00e1tica permite criar identidade sem depender apenas das tend\u00eancias. Em um [&hellip;]<\/p>\n","protected":false},"author":2,"featured_media":2630,"comment_status":"closed","ping_status":"open","sticky":false,"template":"","format":"standard","meta":{"footnotes":""},"categories":[531],"tags":[179,188],"class_list":["post-2629","post","type-post","status-publish","format-standard","has-post-thumbnail","hentry","category-dicas","tag-decoracao","tag-designer-de-interiores"],"_links":{"self":[{"href":"https:\/\/sincomavi.net\/index.php\/wp-json\/wp\/v2\/posts\/2629","targetHints":{"allow":["GET"]}}],"collection":[{"href":"https:\/\/sincomavi.net\/index.php\/wp-json\/wp\/v2\/posts"}],"about":[{"href":"https:\/\/sincomavi.net\/index.php\/wp-json\/wp\/v2\/types\/post"}],"author":[{"embeddable":true,"href":"https:\/\/sincomavi.net\/index.php\/wp-json\/wp\/v2\/users\/2"}],"replies":[{"embeddable":true,"href":"https:\/\/sincomavi.net\/index.php\/wp-json\/wp\/v2\/comments?post=2629"}],"version-history":[{"count":1,"href":"https:\/\/sincomavi.net\/index.php\/wp-json\/wp\/v2\/posts\/2629\/revisions"}],"predecessor-version":[{"id":2633,"href":"https:\/\/sincomavi.net\/index.php\/wp-json\/wp\/v2\/posts\/2629\/revisions\/2633"}],"wp:featuredmedia":[{"embeddable":true,"href":"https:\/\/sincomavi.net\/index.php\/wp-json\/wp\/v2\/media\/2630"}],"wp:attachment":[{"href":"https:\/\/sincomavi.net\/index.php\/wp-json\/wp\/v2\/media?parent=2629"}],"wp:term":[{"taxonomy":"category","embeddable":true,"href":"https:\/\/sincomavi.net\/index.php\/wp-json\/wp\/v2\/categories?post=2629"},{"taxonomy":"post_tag","embeddable":true,"href":"https:\/\/sincomavi.net\/index.php\/wp-json\/wp\/v2\/tags?post=2629"}],"curies":[{"name":"wp","href":"https:\/\/api.w.org\/{rel}","templated":true}]}}