{"id":2623,"date":"2025-10-01T18:48:22","date_gmt":"2025-10-01T18:48:22","guid":{"rendered":"https:\/\/sincomavi.net\/?p=2623"},"modified":"2025-10-01T18:48:33","modified_gmt":"2025-10-01T18:48:33","slug":"reforma-transforma-apartamento-em-um-refugio-de-conforto-e-elegancia","status":"publish","type":"post","link":"https:\/\/sincomavi.net\/index.php\/2025\/10\/01\/reforma-transforma-apartamento-em-um-refugio-de-conforto-e-elegancia\/","title":{"rendered":"Reforma transforma apartamento em um ref\u00fagio de conforto e eleg\u00e2ncia"},"content":{"rendered":"\n<p>Ap\u00f3s 15 anos sem grandes mudan\u00e7as, um apartamento de 150 m\u00b2 na Vila Romana, em S\u00e3o Paulo, ganhou uma nova identidade. O projeto, assinado pela arquiteta <strong>Cinthia Claro<\/strong>, redesenhou completamente os espa\u00e7os para refletir a nova fase de sua moradora: uma mulher independente que buscava um lar acolhedor, funcional e cheio de estilo.<\/p>\n\n\n\n<p>\u201cFoi um desafio instigante, especialmente pela reformula\u00e7\u00e3o da planta. Todas as paredes originais foram demolidas e reconstru\u00eddas com manta de isolamento ac\u00fastico, um dos desejos da cliente\u201d, explica Cinthia. A transforma\u00e7\u00e3o levou oito meses e incluiu desde a troca de revestimentos at\u00e9 a renova\u00e7\u00e3o total do mobili\u00e1rio \u2014 com os itens antigos destinados \u00e0 doa\u00e7\u00e3o.<\/p>\n\n\n\n<figure class=\"wp-block-image size-large\"><img fetchpriority=\"high\" decoding=\"async\" width=\"1024\" height=\"470\" src=\"https:\/\/sincomavi.net\/wp-content\/uploads\/2025\/10\/LIVING-1024x470.jpg\" alt=\"\" class=\"wp-image-2625\" srcset=\"https:\/\/sincomavi.net\/wp-content\/uploads\/2025\/10\/LIVING-1024x470.jpg 1024w, https:\/\/sincomavi.net\/wp-content\/uploads\/2025\/10\/LIVING-768x353.jpg 768w, https:\/\/sincomavi.net\/wp-content\/uploads\/2025\/10\/LIVING-1536x706.jpg 1536w, https:\/\/sincomavi.net\/wp-content\/uploads\/2025\/10\/LIVING-2048x941.jpg 2048w\" sizes=\"(max-width: 1024px) 100vw, 1024px\" \/><\/figure>\n\n\n\n<h2 class=\"wp-block-heading\">Integra\u00e7\u00e3o e acolhimento<\/h2>\n\n\n\n<p>A cozinha e a \u00e1rea de servi\u00e7o foram invertidas de posi\u00e7\u00e3o para favorecer a conviv\u00eancia. \u201cA cliente n\u00e3o queria cozinhar em um local separado, mas em um ambiente integrado, onde pudesse estar junto de amigos e familiares\u201d, conta a arquiteta.<\/p>\n\n\n\n<p>Na \u00e1rea social, o antigo corredor deu lugar a um living amplo, com sof\u00e1 em \u201cL\u201d e home theater. O painel de porcelanato que reproduz o quartzito Siena Chianti e o ripado em madeira refor\u00e7am a atmosfera de aconchego. J\u00e1 a sala de jantar, conectada \u00e0 varanda, recebeu uma mesa redonda para sete lugares e um buffet planejado com adega climatizada e espelho, solu\u00e7\u00e3o que valoriza a circula\u00e7\u00e3o e a intera\u00e7\u00e3o.<\/p>\n\n\n\n<p>Na varanda, um jardim vertical emoldura o \u201ccantinho do vinho\u201d, espa\u00e7o pensado para receber amigos. A cozinha ganhou inspira\u00e7\u00e3o proven\u00e7al, com arm\u00e1rios de portas almofadadas e puxadores dourados. Uma ilha em l\u00e2minas de calacata organiza o ambiente, enquanto a marcenaria foi desenhada sob medida a partir dos eletrodom\u00e9sticos escolhidos previamente.<\/p>\n\n\n\n<figure class=\"wp-block-image size-large\"><img decoding=\"async\" width=\"1024\" height=\"470\" src=\"https:\/\/sincomavi.net\/wp-content\/uploads\/2025\/10\/COZINHA-1024x470.jpg\" alt=\"\" class=\"wp-image-2626\" srcset=\"https:\/\/sincomavi.net\/wp-content\/uploads\/2025\/10\/COZINHA-1024x470.jpg 1024w, https:\/\/sincomavi.net\/wp-content\/uploads\/2025\/10\/COZINHA-768x352.jpg 768w, https:\/\/sincomavi.net\/wp-content\/uploads\/2025\/10\/COZINHA-1536x705.jpg 1536w, https:\/\/sincomavi.net\/wp-content\/uploads\/2025\/10\/COZINHA-2048x940.jpg 2048w\" sizes=\"(max-width: 1024px) 100vw, 1024px\" \/><\/figure>\n\n\n\n<p>O lavabo aproveitou a infraestrutura de um antigo banheiro para ganhar fun\u00e7\u00e3o social. Pain\u00e9is ripados, metais dourados e ilumina\u00e7\u00e3o difusa completam a atmosfera sofisticada.<\/p>\n\n\n\n<p>A su\u00edte master recebeu boiseries em tom neutro e piso vin\u00edlico para maior conforto ac\u00fastico e t\u00e9rmico. O grande destaque, no entanto, \u00e9 o closet: arm\u00e1rios com portas de vidro reflecta, prateleiras deslizantes para sapatos, nichos para bolsas e um projeto de ilumina\u00e7\u00e3o em LED que valoriza cada detalhe. \u201cCada cantinho da casa foi repensado para atender \u00e0s necessidades da moradora\u201d, resume Cinthia.<\/p>\n\n\n\n<figure class=\"wp-block-image size-large\"><img decoding=\"async\" width=\"1024\" height=\"760\" src=\"https:\/\/sincomavi.net\/wp-content\/uploads\/2025\/10\/SUITE-1024x760.jpg\" alt=\"\" class=\"wp-image-2627\" srcset=\"https:\/\/sincomavi.net\/wp-content\/uploads\/2025\/10\/SUITE-1024x760.jpg 1024w, https:\/\/sincomavi.net\/wp-content\/uploads\/2025\/10\/SUITE-768x570.jpg 768w, https:\/\/sincomavi.net\/wp-content\/uploads\/2025\/10\/SUITE.jpg 1515w\" sizes=\"(max-width: 1024px) 100vw, 1024px\" \/><\/figure>\n\n\n\n<p><strong>Fotos: Erika Waldmann<\/strong><\/p>\n","protected":false},"excerpt":{"rendered":"<p>Ap\u00f3s 15 anos sem grandes mudan\u00e7as, um apartamento de 150 m\u00b2 na Vila Romana, em S\u00e3o Paulo, ganhou uma nova identidade. O projeto, assinado pela arquiteta Cinthia Claro, redesenhou completamente os espa\u00e7os para refletir a nova fase de sua moradora: uma mulher independente que buscava um lar acolhedor, funcional e cheio de estilo. \u201cFoi um [&hellip;]<\/p>\n","protected":false},"author":2,"featured_media":2624,"comment_status":"closed","ping_status":"open","sticky":false,"template":"","format":"standard","meta":{"footnotes":""},"categories":[51],"tags":[178,201,176,56],"class_list":["post-2623","post","type-post","status-publish","format-standard","has-post-thumbnail","hentry","category-retrofit-e-reformas","tag-apartamento","tag-espacos-inteligentes","tag-reforma","tag-residencia"],"_links":{"self":[{"href":"https:\/\/sincomavi.net\/index.php\/wp-json\/wp\/v2\/posts\/2623","targetHints":{"allow":["GET"]}}],"collection":[{"href":"https:\/\/sincomavi.net\/index.php\/wp-json\/wp\/v2\/posts"}],"about":[{"href":"https:\/\/sincomavi.net\/index.php\/wp-json\/wp\/v2\/types\/post"}],"author":[{"embeddable":true,"href":"https:\/\/sincomavi.net\/index.php\/wp-json\/wp\/v2\/users\/2"}],"replies":[{"embeddable":true,"href":"https:\/\/sincomavi.net\/index.php\/wp-json\/wp\/v2\/comments?post=2623"}],"version-history":[{"count":1,"href":"https:\/\/sincomavi.net\/index.php\/wp-json\/wp\/v2\/posts\/2623\/revisions"}],"predecessor-version":[{"id":2628,"href":"https:\/\/sincomavi.net\/index.php\/wp-json\/wp\/v2\/posts\/2623\/revisions\/2628"}],"wp:featuredmedia":[{"embeddable":true,"href":"https:\/\/sincomavi.net\/index.php\/wp-json\/wp\/v2\/media\/2624"}],"wp:attachment":[{"href":"https:\/\/sincomavi.net\/index.php\/wp-json\/wp\/v2\/media?parent=2623"}],"wp:term":[{"taxonomy":"category","embeddable":true,"href":"https:\/\/sincomavi.net\/index.php\/wp-json\/wp\/v2\/categories?post=2623"},{"taxonomy":"post_tag","embeddable":true,"href":"https:\/\/sincomavi.net\/index.php\/wp-json\/wp\/v2\/tags?post=2623"}],"curies":[{"name":"wp","href":"https:\/\/api.w.org\/{rel}","templated":true}]}}