{"id":2605,"date":"2025-08-20T14:58:15","date_gmt":"2025-08-20T14:58:15","guid":{"rendered":"https:\/\/sincomavi.net\/?p=2605"},"modified":"2025-08-20T14:58:16","modified_gmt":"2025-08-20T14:58:16","slug":"equilibrio-e-a-chave-para-um-living-acolhedor-e-elegante","status":"publish","type":"post","link":"https:\/\/sincomavi.net\/index.php\/2025\/08\/20\/equilibrio-e-a-chave-para-um-living-acolhedor-e-elegante\/","title":{"rendered":"Equil\u00edbrio \u00e9 a chave para um living acolhedor e elegante"},"content":{"rendered":"\n<p>Transformar a sala de estar em um espa\u00e7o acolhedor, funcional e cheio de personalidade \u00e9 um dos grandes desafios da arquitetura de interiores. Para a arquiteta <strong>Gleuse Ferreira<\/strong>, a resposta est\u00e1 no equil\u00edbrio: a harmonia entre cores, ilumina\u00e7\u00e3o, texturas e mobili\u00e1rio \u00e9 o que garante um living capaz de refletir o estilo de vida de quem vive ali. Para alcan\u00e7ar esse objetivo, um dos pontos b\u00e1sicos \u00e9 a escolha das cores para definir o clima do ambiente. Tons claros ampliam a sensa\u00e7\u00e3o de espa\u00e7o e favorecem a luz natural, enquanto os escuros refor\u00e7am sofistica\u00e7\u00e3o e aconchego. J\u00e1 os terrosos, tend\u00eancia atual, aproximam o espa\u00e7o da natureza e tornam a \u00e1rea de estar mais calorosa e convidativa. Outro ponto essencial \u00e9 a ilumina\u00e7\u00e3o, tanto natural quanto artificial. A primeira valoriza o bem-estar, enquanto a segunda permite criar diferentes atmosferas, do aconchego \u00e0 praticidade. Nos revestimentos, o uso de materiais que tragam textura e conforto ac\u00fastico e t\u00e9rmico tamb\u00e9m ajuda a valorizar o projeto e refor\u00e7ar sua identidade.<\/p>\n\n\n\n<figure class=\"wp-block-image size-large is-resized\"><img fetchpriority=\"high\" decoding=\"async\" width=\"1024\" height=\"683\" src=\"https:\/\/sincomavi.net\/wp-content\/uploads\/2025\/08\/2-1024x683.jpg\" alt=\"\" class=\"wp-image-2606\" style=\"width:565px;height:auto\" srcset=\"https:\/\/sincomavi.net\/wp-content\/uploads\/2025\/08\/2-1024x683.jpg 1024w, https:\/\/sincomavi.net\/wp-content\/uploads\/2025\/08\/2-768x512.jpg 768w, https:\/\/sincomavi.net\/wp-content\/uploads\/2025\/08\/2-1536x1024.jpg 1536w, https:\/\/sincomavi.net\/wp-content\/uploads\/2025\/08\/2-2048x1365.jpg 2048w\" sizes=\"(max-width: 1024px) 100vw, 1024px\" \/><\/figure>\n\n\n\n<p>Para al\u00e9m da decora\u00e7\u00e3o, Gleuse destaca a import\u00e2ncia das obras de arte, que d\u00e3o autenticidade e emo\u00e7\u00e3o ao espa\u00e7o. Na CASACOR S\u00e3o Paulo 2025, por exemplo, a arquiteta integrou ao ambiente uma obra exclusiva do artista Marcelo Eco, trazendo profundidade cultural ao projeto. Objetos pessoais, livros e pe\u00e7as de fam\u00edlia tamb\u00e9m entram nessa l\u00f3gica, tornando o living mais humano e cheio de mem\u00f3rias.<\/p>\n\n\n\n<p>Na vis\u00e3o de Gleuse Ferreira, o sucesso do projeto est\u00e1 na integra\u00e7\u00e3o. A soma de cores, ilumina\u00e7\u00e3o, mobili\u00e1rio, texturas e elementos afetivos deve formar um todo coeso, capaz de ser ao mesmo tempo elegante e confort\u00e1vel. \u201cO protagonista do espa\u00e7o deve ser o conjunto bem integrado, guiado pelo estilo de vida e pela personalidade de quem o habita\u201d, conclui.<\/p>\n\n\n\n<p><strong>\u00a0Fotos:<\/strong> Mathews Montalv\u00e3o<\/p>\n\n\n\n<p><\/p>\n","protected":false},"excerpt":{"rendered":"<p>Transformar a sala de estar em um espa\u00e7o acolhedor, funcional e cheio de personalidade \u00e9 um dos grandes desafios da arquitetura de interiores. Para a arquiteta Gleuse Ferreira, a resposta est\u00e1 no equil\u00edbrio: a harmonia entre cores, ilumina\u00e7\u00e3o, texturas e mobili\u00e1rio \u00e9 o que garante um living capaz de refletir o estilo de vida de [&hellip;]<\/p>\n","protected":false},"author":2,"featured_media":2607,"comment_status":"closed","ping_status":"open","sticky":false,"template":"","format":"standard","meta":{"footnotes":""},"categories":[588,531,57,589],"tags":[204,179,188,201,601,600],"class_list":["post-2605","post","type-post","status-publish","format-standard","has-post-thumbnail","hentry","category-design-de-interiores","category-dicas","category-espacos-especiais","category-interiores","tag-contemporaneo","tag-decoracao","tag-designer-de-interiores","tag-espacos-inteligentes","tag-living","tag-sala-de-estar"],"_links":{"self":[{"href":"https:\/\/sincomavi.net\/index.php\/wp-json\/wp\/v2\/posts\/2605","targetHints":{"allow":["GET"]}}],"collection":[{"href":"https:\/\/sincomavi.net\/index.php\/wp-json\/wp\/v2\/posts"}],"about":[{"href":"https:\/\/sincomavi.net\/index.php\/wp-json\/wp\/v2\/types\/post"}],"author":[{"embeddable":true,"href":"https:\/\/sincomavi.net\/index.php\/wp-json\/wp\/v2\/users\/2"}],"replies":[{"embeddable":true,"href":"https:\/\/sincomavi.net\/index.php\/wp-json\/wp\/v2\/comments?post=2605"}],"version-history":[{"count":1,"href":"https:\/\/sincomavi.net\/index.php\/wp-json\/wp\/v2\/posts\/2605\/revisions"}],"predecessor-version":[{"id":2608,"href":"https:\/\/sincomavi.net\/index.php\/wp-json\/wp\/v2\/posts\/2605\/revisions\/2608"}],"wp:featuredmedia":[{"embeddable":true,"href":"https:\/\/sincomavi.net\/index.php\/wp-json\/wp\/v2\/media\/2607"}],"wp:attachment":[{"href":"https:\/\/sincomavi.net\/index.php\/wp-json\/wp\/v2\/media?parent=2605"}],"wp:term":[{"taxonomy":"category","embeddable":true,"href":"https:\/\/sincomavi.net\/index.php\/wp-json\/wp\/v2\/categories?post=2605"},{"taxonomy":"post_tag","embeddable":true,"href":"https:\/\/sincomavi.net\/index.php\/wp-json\/wp\/v2\/tags?post=2605"}],"curies":[{"name":"wp","href":"https:\/\/api.w.org\/{rel}","templated":true}]}}