{"id":2576,"date":"2025-08-04T17:54:37","date_gmt":"2025-08-04T17:54:37","guid":{"rendered":"https:\/\/sincomavi.net\/?p=2576"},"modified":"2025-08-04T17:55:56","modified_gmt":"2025-08-04T17:55:56","slug":"a-importancia-da-luz-do-sol","status":"publish","type":"post","link":"https:\/\/sincomavi.net\/index.php\/2025\/08\/04\/a-importancia-da-luz-do-sol\/","title":{"rendered":"A import\u00e2ncia da luz do sol para casas mais saud\u00e1veis e confort\u00e1veis"},"content":{"rendered":"\n<p>Mais do que iluminar, a luz solar regula fun\u00e7\u00f5es do corpo e influencia diretamente a forma de morar. Para os arquitetos Mariana Meneghisso e Alexandre Pasquotto, do escrit\u00f3rio Meneghisso &amp; Pasquotto Arquitetura, entender o percurso do sol \u00e9 fundamental para criar ambientes conectados \u00e0 natureza e ao bem-estar dos moradores.<\/p>\n\n\n\n<p>Segundo os profissionais, a luz natural define a atmosfera da casa desde a fase de projeto. \u201cEla orienta a distribui\u00e7\u00e3o dos ambientes, a escolha de materiais e os sistemas de sombreamento\u201d, explicam. Ambientes bem iluminados durante o dia ajudam a manter o equil\u00edbrio do rel\u00f3gio biol\u00f3gico, estimulam a produ\u00e7\u00e3o de vitamina D e melhoram o humor, a imunidade e a produtividade.<\/p>\n\n\n\n<p>O posicionamento dos c\u00f4modos \u00e9 essencial. Quartos e escrit\u00f3rios voltados para o Leste recebem luz suave pela manh\u00e3, enquanto varandas e salas ao Norte aproveitam ilumina\u00e7\u00e3o est\u00e1vel durante o dia. Fachadas voltadas ao Oeste precisam de maior controle t\u00e9rmico devido ao sol mais quente da tarde. Cozinhas pedem boa ventila\u00e7\u00e3o e claridade matinal, enquanto livings e salas se beneficiam de texturas e cores real\u00e7adas pela luz natural.<\/p>\n\n\n\n<p>Mesmo em im\u00f3veis com pouca incid\u00eancia solar, \u00e9 poss\u00edvel simular luminosidade com cores claras, revestimentos reflexivos, espelhos e ilumina\u00e7\u00e3o artificial adequada. Clarab\u00f3ias, aberturas laterais e pain\u00e9is transl\u00facidos tamb\u00e9m ajudam a trazer mais luz para dentro de casa.<\/p>\n\n\n\n<figure class=\"wp-block-image size-full is-resized\"><img fetchpriority=\"high\" decoding=\"async\" width=\"943\" height=\"626\" src=\"https:\/\/sincomavi.net\/wp-content\/uploads\/2025\/08\/3_Projeto-Meneghisso-Pasquotto-Arquitetura_Foto-Livia-Krass.jpg\" alt=\"\" class=\"wp-image-2577\" style=\"width:650px;height:auto\" srcset=\"https:\/\/sincomavi.net\/wp-content\/uploads\/2025\/08\/3_Projeto-Meneghisso-Pasquotto-Arquitetura_Foto-Livia-Krass.jpg 943w, https:\/\/sincomavi.net\/wp-content\/uploads\/2025\/08\/3_Projeto-Meneghisso-Pasquotto-Arquitetura_Foto-Livia-Krass-768x510.jpg 768w\" sizes=\"(max-width: 943px) 100vw, 943px\" \/><\/figure>\n\n\n\n<p>Foto: Livia Krass<\/p>\n\n\n\n<p>O excesso de sol, por\u00e9m, pode comprometer o conforto t\u00e9rmico e desgastar materiais. Por isso, o uso de vidros especiais, cortinas, brises, toldos e vegeta\u00e7\u00e3o estrat\u00e9gica ajuda a equilibrar luz e sombra, mantendo os espa\u00e7os funcionais e agrad\u00e1veis.<\/p>\n\n\n\n<p>Para Mariana Meneghisso, projetar com o sol \u00e9 cuidar da sa\u00fade de quem habitar\u00e1 o espa\u00e7o. \u201cA luz natural precisa ser controlada com intelig\u00eancia para que o lar acolha sem perder o conforto\u201d, afirma.<\/p>\n\n\n\n<p><\/p>\n","protected":false},"excerpt":{"rendered":"<p>Mais do que iluminar, a luz solar regula fun\u00e7\u00f5es do corpo e influencia diretamente a forma de morar. Para os arquitetos Mariana Meneghisso e Alexandre Pasquotto, do escrit\u00f3rio Meneghisso &amp; Pasquotto Arquitetura, entender o percurso do sol \u00e9 fundamental para criar ambientes conectados \u00e0 natureza e ao bem-estar dos moradores. Segundo os profissionais, a luz [&hellip;]<\/p>\n","protected":false},"author":2,"featured_media":2578,"comment_status":"closed","ping_status":"open","sticky":false,"template":"","format":"standard","meta":{"footnotes":""},"categories":[588],"tags":[178,53,188,201,56],"class_list":["post-2576","post","type-post","status-publish","format-standard","has-post-thumbnail","hentry","category-design-de-interiores","tag-apartamento","tag-casa","tag-designer-de-interiores","tag-espacos-inteligentes","tag-residencia"],"_links":{"self":[{"href":"https:\/\/sincomavi.net\/index.php\/wp-json\/wp\/v2\/posts\/2576","targetHints":{"allow":["GET"]}}],"collection":[{"href":"https:\/\/sincomavi.net\/index.php\/wp-json\/wp\/v2\/posts"}],"about":[{"href":"https:\/\/sincomavi.net\/index.php\/wp-json\/wp\/v2\/types\/post"}],"author":[{"embeddable":true,"href":"https:\/\/sincomavi.net\/index.php\/wp-json\/wp\/v2\/users\/2"}],"replies":[{"embeddable":true,"href":"https:\/\/sincomavi.net\/index.php\/wp-json\/wp\/v2\/comments?post=2576"}],"version-history":[{"count":1,"href":"https:\/\/sincomavi.net\/index.php\/wp-json\/wp\/v2\/posts\/2576\/revisions"}],"predecessor-version":[{"id":2579,"href":"https:\/\/sincomavi.net\/index.php\/wp-json\/wp\/v2\/posts\/2576\/revisions\/2579"}],"wp:featuredmedia":[{"embeddable":true,"href":"https:\/\/sincomavi.net\/index.php\/wp-json\/wp\/v2\/media\/2578"}],"wp:attachment":[{"href":"https:\/\/sincomavi.net\/index.php\/wp-json\/wp\/v2\/media?parent=2576"}],"wp:term":[{"taxonomy":"category","embeddable":true,"href":"https:\/\/sincomavi.net\/index.php\/wp-json\/wp\/v2\/categories?post=2576"},{"taxonomy":"post_tag","embeddable":true,"href":"https:\/\/sincomavi.net\/index.php\/wp-json\/wp\/v2\/tags?post=2576"}],"curies":[{"name":"wp","href":"https:\/\/api.w.org\/{rel}","templated":true}]}}