{"id":2516,"date":"2025-05-28T17:23:24","date_gmt":"2025-05-28T17:23:24","guid":{"rendered":"https:\/\/sincomavi.net\/?p=2516"},"modified":"2025-05-28T17:23:25","modified_gmt":"2025-05-28T17:23:25","slug":"madeira-pau-ferro-ganha-espaco-em-projetos-contemporaneos","status":"publish","type":"post","link":"https:\/\/sincomavi.net\/index.php\/2025\/05\/28\/madeira-pau-ferro-ganha-espaco-em-projetos-contemporaneos\/","title":{"rendered":"Madeira pau ferro ganha espa\u00e7o em projetos contempor\u00e2neos"},"content":{"rendered":"\n<p>A madeira pau ferro, nativa da Mata Atl\u00e2ntica, encontrada em estados como Piau\u00ed, Bahia, Esp\u00edrito Santo, Rio de Janeiro e S\u00e3o Paulo, vem sendo utilizada em projetos de interiores contempor\u00e2neos em raz\u00e3o de sua beleza. Conhecida por sua resist\u00eancia e veios marcados, a esp\u00e9cie tem sido aplicada em revestimentos, marcenaria e mobili\u00e1rio.<\/p>\n\n\n\n<p>No apartamento de 171 m\u00b2, projeto desenvolvido pela arquiteta Nat\u00e1lia de Souza, a madeira foi escolhida para compor a cozinha integrada \u00e0 \u00e1rea social. Apesar do tom escurecido, a aplica\u00e7\u00e3o da pau ferro foi equilibrada com uma paleta de cores claras. A proposta, segundo a profissional, \u00e9 criar contraste e valorizar o espa\u00e7o com elementos que remetem \u00e0 mem\u00f3ria afetiva e ao uso tradicional do material.<\/p>\n\n\n\n<figure class=\"wp-block-image size-large is-resized\"><img fetchpriority=\"high\" decoding=\"async\" width=\"683\" height=\"1024\" src=\"https:\/\/sincomavi.net\/wp-content\/uploads\/2025\/05\/3-683x1024.jpg\" alt=\"\" class=\"wp-image-2518\" style=\"width:204px;height:auto\" srcset=\"https:\/\/sincomavi.net\/wp-content\/uploads\/2025\/05\/3-683x1024.jpg 683w, https:\/\/sincomavi.net\/wp-content\/uploads\/2025\/05\/3-768x1152.jpg 768w, https:\/\/sincomavi.net\/wp-content\/uploads\/2025\/05\/3-1024x1536.jpg 1024w, https:\/\/sincomavi.net\/wp-content\/uploads\/2025\/05\/3-1365x2048.jpg 1365w, https:\/\/sincomavi.net\/wp-content\/uploads\/2025\/05\/3.jpg 1600w\" sizes=\"(max-width: 683px) 100vw, 683px\" \/><\/figure>\n\n\n\n<p>A madeira tamb\u00e9m aparece em outras \u00e1reas de projetos conduzidos pela equipe da ResiliArt. No hall de entrada e na sala de estar de um dos im\u00f3veis, a arquiteta Jociane Mendes utilizou o material no revestimento da parede e no rack da TV. No dormit\u00f3rio, a mesma madeira reveste toda a parede da cabeceira da cama, associando elementos de diferentes \u00e9pocas. J\u00e1 na cozinha de um est\u00fadio de 44 m\u00b2, o pau ferro cobre arm\u00e1rios e pen\u00ednsula, compondo uma ambienta\u00e7\u00e3o mais personalizada.<\/p>\n\n\n\n<figure class=\"wp-block-image size-large is-resized\"><img decoding=\"async\" width=\"1024\" height=\"683\" src=\"https:\/\/sincomavi.net\/wp-content\/uploads\/2025\/05\/1-1024x683.jpg\" alt=\"\" class=\"wp-image-2519\" style=\"width:424px;height:auto\" srcset=\"https:\/\/sincomavi.net\/wp-content\/uploads\/2025\/05\/1-1024x683.jpg 1024w, https:\/\/sincomavi.net\/wp-content\/uploads\/2025\/05\/1-768x512.jpg 768w, https:\/\/sincomavi.net\/wp-content\/uploads\/2025\/05\/1-1536x1024.jpg 1536w, https:\/\/sincomavi.net\/wp-content\/uploads\/2025\/05\/1.jpg 1600w\" sizes=\"(max-width: 1024px) 100vw, 1024px\" \/><\/figure>\n\n\n\n<p>Segundo as arquitetas, o uso da madeira escura exige aten\u00e7\u00e3o para que o ambiente n\u00e3o fique sobrecarregado. Algumas estrat\u00e9gias apontadas pela equipe incluem a aplica\u00e7\u00e3o em paineis cont\u00ednuos, o contraste com outros materiais e o equil\u00edbrio com elementos decorativos de diferentes estilos.<\/p>\n\n\n\n<figure class=\"wp-block-image size-large is-resized\"><img decoding=\"async\" width=\"1024\" height=\"683\" src=\"https:\/\/sincomavi.net\/wp-content\/uploads\/2025\/05\/4-1024x683.jpg\" alt=\"\" class=\"wp-image-2520\" style=\"width:425px;height:auto\" srcset=\"https:\/\/sincomavi.net\/wp-content\/uploads\/2025\/05\/4-1024x683.jpg 1024w, https:\/\/sincomavi.net\/wp-content\/uploads\/2025\/05\/4-768x512.jpg 768w, https:\/\/sincomavi.net\/wp-content\/uploads\/2025\/05\/4-1536x1024.jpg 1536w, https:\/\/sincomavi.net\/wp-content\/uploads\/2025\/05\/4.jpg 1600w\" sizes=\"(max-width: 1024px) 100vw, 1024px\" \/><\/figure>\n\n\n\n<p>O escrit\u00f3rio destaca que, embora tenha sido muito utilizada nas d\u00e9cadas de 1970, a madeira pau ferro segue sendo uma op\u00e7\u00e3o recorrente em projetos que buscam integrar refer\u00eancias afetivas com solu\u00e7\u00f5es contempor\u00e2neas de arquitetura.<\/p>\n\n\n\n<p><strong>Resiliart<\/strong><br>@resiliart_arq\u00a0<br><a href=\"https:\/\/resiliartarquitetura.com\/\" target=\"_blank\" rel=\"noreferrer noopener\">https:\/\/resiliartarquitetura.com\/<\/a>\u202f|\u202f<a href=\"mailto:contato@resiliartarquitetura.com\" target=\"_blank\" rel=\"noreferrer noopener\">contato@resiliartarquitetura.com<\/a>\u00a0<br>(11) 91304-2284<\/p>\n\n\n\n<p><strong>Fotos: Kelly Queiroz<\/strong>\u00a0<\/p>\n\n\n\n<p><\/p>\n","protected":false},"excerpt":{"rendered":"<p>A madeira pau ferro, nativa da Mata Atl\u00e2ntica, encontrada em estados como Piau\u00ed, Bahia, Esp\u00edrito Santo, Rio de Janeiro e S\u00e3o Paulo, vem sendo utilizada em projetos de interiores contempor\u00e2neos em raz\u00e3o de sua beleza. Conhecida por sua resist\u00eancia e veios marcados, a esp\u00e9cie tem sido aplicada em revestimentos, marcenaria e mobili\u00e1rio. No apartamento de [&hellip;]<\/p>\n","protected":false},"author":2,"featured_media":2517,"comment_status":"closed","ping_status":"open","sticky":false,"template":"","format":"standard","meta":{"footnotes":""},"categories":[52],"tags":[178,204,179,188],"class_list":["post-2516","post","type-post","status-publish","format-standard","has-post-thumbnail","hentry","category-projeto","tag-apartamento","tag-contemporaneo","tag-decoracao","tag-designer-de-interiores"],"_links":{"self":[{"href":"https:\/\/sincomavi.net\/index.php\/wp-json\/wp\/v2\/posts\/2516","targetHints":{"allow":["GET"]}}],"collection":[{"href":"https:\/\/sincomavi.net\/index.php\/wp-json\/wp\/v2\/posts"}],"about":[{"href":"https:\/\/sincomavi.net\/index.php\/wp-json\/wp\/v2\/types\/post"}],"author":[{"embeddable":true,"href":"https:\/\/sincomavi.net\/index.php\/wp-json\/wp\/v2\/users\/2"}],"replies":[{"embeddable":true,"href":"https:\/\/sincomavi.net\/index.php\/wp-json\/wp\/v2\/comments?post=2516"}],"version-history":[{"count":1,"href":"https:\/\/sincomavi.net\/index.php\/wp-json\/wp\/v2\/posts\/2516\/revisions"}],"predecessor-version":[{"id":2521,"href":"https:\/\/sincomavi.net\/index.php\/wp-json\/wp\/v2\/posts\/2516\/revisions\/2521"}],"wp:featuredmedia":[{"embeddable":true,"href":"https:\/\/sincomavi.net\/index.php\/wp-json\/wp\/v2\/media\/2517"}],"wp:attachment":[{"href":"https:\/\/sincomavi.net\/index.php\/wp-json\/wp\/v2\/media?parent=2516"}],"wp:term":[{"taxonomy":"category","embeddable":true,"href":"https:\/\/sincomavi.net\/index.php\/wp-json\/wp\/v2\/categories?post=2516"},{"taxonomy":"post_tag","embeddable":true,"href":"https:\/\/sincomavi.net\/index.php\/wp-json\/wp\/v2\/tags?post=2516"}],"curies":[{"name":"wp","href":"https:\/\/api.w.org\/{rel}","templated":true}]}}