{"id":2505,"date":"2025-05-15T07:47:00","date_gmt":"2025-05-15T07:47:00","guid":{"rendered":"https:\/\/sincomavi.net\/?p=2505"},"modified":"2025-05-14T19:49:10","modified_gmt":"2025-05-14T19:49:10","slug":"como-preparar-sua-casa-para-os-dias-frios-sem-reformas","status":"publish","type":"post","link":"https:\/\/sincomavi.net\/index.php\/2025\/05\/15\/como-preparar-sua-casa-para-os-dias-frios-sem-reformas\/","title":{"rendered":"Como preparar sua casa para os dias frios sem reformas"},"content":{"rendered":"\n<p>Com a chegada do outono e a queda nas temperaturas, adaptar a casa para os dias mais frios pode ser feito com pequenos ajustes e sem necessidade de obras. Especialistas em arquitetura e design de interiores sugerem solu\u00e7\u00f5es pr\u00e1ticas e acess\u00edveis para garantir conforto t\u00e9rmico e sensorial durante a esta\u00e7\u00e3o.<\/p>\n\n\n\n<p>Os arquitetos Mariana Meneghisso e Alexandre Pasquotto, do escrit\u00f3rio Meneghisso &amp; Pasquotto Arquitetura, recomendam observar o isolamento de janelas e portas, al\u00e9m de aproveitar ao m\u00e1ximo o sol nos hor\u00e1rios mais quentes. \u201cVale corrigir frestas e garantir o bom funcionamento do ar-condicionado no modo aquecedor\u201d, explica Pasquotto. J\u00e1 a arquiteta Mariana aponta alternativas naturais para lidar com o ar seco, como o uso de plantas de folhas largas, recipientes com \u00e1gua e toalhas \u00famidas nos ambientes.<\/p>\n\n\n\n<p>Para complementar o conforto t\u00e9rmico, cortinas mais encorpadas ajudam a reter o calor. A arquiteta Paula Passos, da Dantas &amp; Passos Arquitetura, tamb\u00e9m sugere o uso de lareiras port\u00e1teis, que dispensam instala\u00e7\u00f5es complexas.<\/p>\n\n\n\n<figure class=\"wp-block-image size-large is-resized\"><img fetchpriority=\"high\" decoding=\"async\" width=\"768\" height=\"1024\" src=\"https:\/\/sincomavi.net\/wp-content\/uploads\/2025\/05\/6_Projeto-Meneghisso-Pasquotto-Arquitetura_Foto-Divulgacao-768x1024.jpg\" alt=\"\" class=\"wp-image-2508\" style=\"width:428px;height:auto\" srcset=\"https:\/\/sincomavi.net\/wp-content\/uploads\/2025\/05\/6_Projeto-Meneghisso-Pasquotto-Arquitetura_Foto-Divulgacao-768x1024.jpg 768w, https:\/\/sincomavi.net\/wp-content\/uploads\/2025\/05\/6_Projeto-Meneghisso-Pasquotto-Arquitetura_Foto-Divulgacao-1152x1536.jpg 1152w, https:\/\/sincomavi.net\/wp-content\/uploads\/2025\/05\/6_Projeto-Meneghisso-Pasquotto-Arquitetura_Foto-Divulgacao-1536x2048.jpg 1536w, https:\/\/sincomavi.net\/wp-content\/uploads\/2025\/05\/6_Projeto-Meneghisso-Pasquotto-Arquitetura_Foto-Divulgacao.jpg 1600w\" sizes=\"(max-width: 768px) 100vw, 768px\" \/><\/figure>\n\n\n\n<p>&nbsp;<strong>Projeto Meneghisso &amp; Pasquotto Arquitetura<\/strong>&nbsp;| Foto: Divulga\u00e7\u00e3o<\/p>\n\n\n\n<p>A ambienta\u00e7\u00e3o olfativa \u00e9 outro ponto de aten\u00e7\u00e3o. Aromas como canela, baunilha e cedro podem ser inseridos por meio de velas, incensos ou solu\u00e7\u00f5es caseiras, como cascas de laranja fervidas com cravo. \u201cEsses cheiros criam um clima aconchegante e marcante da esta\u00e7\u00e3o\u201d, destaca Mariana.<\/p>\n\n\n\n<p>Na est\u00e9tica dos ambientes, os tons terrosos e os materiais naturais s\u00e3o os protagonistas da temporada. Elementos como madeira, veludo, l\u00e3, palha e cer\u00e2mica artesanal conferem acolhimento visual e t\u00e1til. Segundo a arquiteta Danielle Dantas, o uso de folhagens secas, pinhas e galhos refor\u00e7a a atmosfera de conex\u00e3o com a natureza, tend\u00eancia forte em 2025.<\/p>\n\n\n\n<p>A cartela de cores tamb\u00e9m muda. Os tons escuros, como o verde musgo e o cinza quente, ganham espa\u00e7o ao lado do bege e do off-white, que equilibram o ambiente. Entre os destaques est\u00e3o o Mocha Mousse, eleito pela Pantone, e o mostarda, aplic\u00e1veis em mantas, almofadas e objetos de decora\u00e7\u00e3o.<\/p>\n\n\n\n<p>Ambientes como salas e quartos merecem aten\u00e7\u00e3o especial. A sobreposi\u00e7\u00e3o de tecidos, o uso de tapetes mais felpudos e a ilumina\u00e7\u00e3o com l\u00e2mpadas de tom quente s\u00e3o estrat\u00e9gias eficientes. \u201cA luz indireta de abajures e lumin\u00e1rias de piso refor\u00e7a a sensa\u00e7\u00e3o de conforto, especialmente no fim do dia\u201d, afirma Alexandre.<\/p>\n\n\n\n<p>Criar uma atmosfera acolhedora, portanto, passa por escolhas conscientes que combinam est\u00e9tica, bem-estar e funcionalidade, sem a necessidade de grandes interven\u00e7\u00f5es.<\/p>\n\n\n\n<p><\/p>\n\n\n\n<p><strong>Meneghisso &amp; Pasquotto Arquitetura<\/strong><br>@meneghisso_pasquotto_arq<br>Telefone: (11) 4551-7809 | 11 99272-8924<br>E-mail:&nbsp;<a href=\"mailto:contato@pasquottoarquitetura.com.br\" target=\"_blank\" rel=\"noreferrer noopener\">contato@pasquottoarquitetura.com.br<\/a><br>Site:&nbsp;<a href=\"https:\/\/www.pasquottoarquitetura.com.br\/\" target=\"_blank\" rel=\"noreferrer noopener\">www.pasquottoarquitetura.com.br\/<\/a><\/p>\n\n\n\n<p><strong>Dantas &amp; Passos Arquitetura\u202f<\/strong><br>@dantaspassos.arquitetura\u202f\u00a0<br>Tel. e WhatsApp: (11)\u202f99366-9690 (Danielle Dantas)\u00a0<br>Tel. e WhatsApp: (11) 98339-9096 (Paula Passos)\u00a0<\/p>\n\n\n\n<p><\/p>\n","protected":false},"excerpt":{"rendered":"<p>Com a chegada do outono e a queda nas temperaturas, adaptar a casa para os dias mais frios pode ser feito com pequenos ajustes e sem necessidade de obras. Especialistas em arquitetura e design de interiores sugerem solu\u00e7\u00f5es pr\u00e1ticas e acess\u00edveis para garantir conforto t\u00e9rmico e sensorial durante a esta\u00e7\u00e3o. Os arquitetos Mariana Meneghisso e [&hellip;]<\/p>\n","protected":false},"author":2,"featured_media":2507,"comment_status":"closed","ping_status":"open","sticky":false,"template":"","format":"standard","meta":{"footnotes":""},"categories":[531],"tags":[179,188,201],"class_list":["post-2505","post","type-post","status-publish","format-standard","has-post-thumbnail","hentry","category-dicas","tag-decoracao","tag-designer-de-interiores","tag-espacos-inteligentes"],"_links":{"self":[{"href":"https:\/\/sincomavi.net\/index.php\/wp-json\/wp\/v2\/posts\/2505","targetHints":{"allow":["GET"]}}],"collection":[{"href":"https:\/\/sincomavi.net\/index.php\/wp-json\/wp\/v2\/posts"}],"about":[{"href":"https:\/\/sincomavi.net\/index.php\/wp-json\/wp\/v2\/types\/post"}],"author":[{"embeddable":true,"href":"https:\/\/sincomavi.net\/index.php\/wp-json\/wp\/v2\/users\/2"}],"replies":[{"embeddable":true,"href":"https:\/\/sincomavi.net\/index.php\/wp-json\/wp\/v2\/comments?post=2505"}],"version-history":[{"count":2,"href":"https:\/\/sincomavi.net\/index.php\/wp-json\/wp\/v2\/posts\/2505\/revisions"}],"predecessor-version":[{"id":2510,"href":"https:\/\/sincomavi.net\/index.php\/wp-json\/wp\/v2\/posts\/2505\/revisions\/2510"}],"wp:featuredmedia":[{"embeddable":true,"href":"https:\/\/sincomavi.net\/index.php\/wp-json\/wp\/v2\/media\/2507"}],"wp:attachment":[{"href":"https:\/\/sincomavi.net\/index.php\/wp-json\/wp\/v2\/media?parent=2505"}],"wp:term":[{"taxonomy":"category","embeddable":true,"href":"https:\/\/sincomavi.net\/index.php\/wp-json\/wp\/v2\/categories?post=2505"},{"taxonomy":"post_tag","embeddable":true,"href":"https:\/\/sincomavi.net\/index.php\/wp-json\/wp\/v2\/tags?post=2505"}],"curies":[{"name":"wp","href":"https:\/\/api.w.org\/{rel}","templated":true}]}}