{"id":2494,"date":"2025-05-14T13:13:43","date_gmt":"2025-05-14T13:13:43","guid":{"rendered":"https:\/\/sincomavi.net\/?p=2494"},"modified":"2025-05-14T13:19:28","modified_gmt":"2025-05-14T13:19:28","slug":"tendencias-de-closets-revelam-solucoes-praticas-e-toques-de-sofisticacao","status":"publish","type":"post","link":"https:\/\/sincomavi.net\/index.php\/2025\/05\/14\/tendencias-de-closets-revelam-solucoes-praticas-e-toques-de-sofisticacao\/","title":{"rendered":"Tend\u00eancias de closets revelam solu\u00e7\u00f5es pr\u00e1ticas e toques de sofistica\u00e7\u00e3o"},"content":{"rendered":"\n<p>Espa\u00e7os dedicados ao armazenamento e organiza\u00e7\u00e3o de roupas ganham novos recursos que aliam funcionalidade e est\u00e9tica<\/p>\n\n\n\n<p>Closets deixaram de ser apenas ambientes funcionais para se tornarem espa\u00e7os integrados ao estilo de vida dos moradores. Projetados com aten\u00e7\u00e3o aos detalhes, eles passaram a incorporar solu\u00e7\u00f5es que otimizam a organiza\u00e7\u00e3o das roupas, valorizam acess\u00f3rios e acrescentam sofistica\u00e7\u00e3o ao ambiente.<\/p>\n\n\n\n<p>A arquiteta Ana Rozenblit, do escrit\u00f3rio Spa\u00e7o Interior, especializada no tema, aponta seis tend\u00eancias que v\u00eam moldando os projetos contempor\u00e2neos. \u201cO closet reflete o universo de cada morador. Por isso, deve ser pensado a partir do estilo de vida de quem o utiliza\u201d, afirma.<\/p>\n\n\n<div class=\"wp-block-image\">\n<figure class=\"aligncenter size-full\"><img fetchpriority=\"high\" decoding=\"async\" width=\"600\" height=\"400\" src=\"https:\/\/sincomavi.net\/wp-content\/uploads\/2025\/05\/closet2.jpg\" alt=\"\" class=\"wp-image-2496\"\/><\/figure>\n<\/div>\n\n\n<p class=\"has-text-align-right\"><strong>Foto: Kadu Lopes<\/strong><\/p>\n\n\n\n<p><strong>1. Portas espelhadas<\/strong><br>O espelho passou a ter papel central no projeto dos closets. Al\u00e9m de contribuir com a est\u00e9tica, reflete o look de todos os \u00e2ngulos e amplia visualmente o ambiente.<\/p>\n\n\n\n<p><strong>2. Ilumina\u00e7\u00e3o interna<\/strong><br>A luz adequada facilita o uso di\u00e1rio, melhora a visualiza\u00e7\u00e3o dos itens e evita erros na combina\u00e7\u00e3o de cores. Lumin\u00e1rias internas e fitas de LED s\u00e3o alternativas cada vez mais utilizadas para oferecer a claridade ideal.<\/p>\n\n\n\n<p><strong>3. Ilha central<\/strong><br>Inspirada no mobili\u00e1rio de cozinhas planejadas, a ilha no closet serve para guardar acess\u00f3rios menores, como cintos, len\u00e7os e \u00f3culos, mantendo-os vis\u00edveis e organizados. Tamb\u00e9m atua como elemento de destaque no ambiente.<\/p>\n\n\n\n<p><strong>4. Arm\u00e1rios abertos ou transl\u00facidos<\/strong><br>A exposi\u00e7\u00e3o parcial ou total das roupas facilita a escolha dos looks e confere dinamismo ao espa\u00e7o. No entanto, esse modelo exige organiza\u00e7\u00e3o constante para que o visual n\u00e3o se torne polu\u00eddo.<\/p>\n\n\n\n<p><strong>5. Cabideiro \u00e0 vista<\/strong><br>A inclus\u00e3o de cabideiros expostos, al\u00e9m de funcional, permite ao usu\u00e1rio planejar visivelmente o que vestir. \u00c9 uma solu\u00e7\u00e3o pr\u00e1tica para manter pe\u00e7as de uso frequente sempre \u00e0 m\u00e3o.<\/p>\n\n\n\n<p><strong>6. Cofres e travas de seguran\u00e7a<\/strong><br>Itens de valor, como joias, rel\u00f3gios e acess\u00f3rios de grife, ganharam compartimentos com prote\u00e7\u00e3o refor\u00e7ada. Gavetas com fechadura eletr\u00f4nica ou biometria s\u00e3o exemplos de solu\u00e7\u00f5es que aliam seguran\u00e7a e discri\u00e7\u00e3o.<\/p>\n\n\n\n<p>Com esses recursos, os closets se transformam em ambientes que n\u00e3o apenas armazenam, mas tamb\u00e9m integram funcionalidade, seguran\u00e7a e estilo ao cotidiano.<\/p>\n\n\n\n<p><strong><a href=\"http:\/\/www.spacointerior.com.br\/\" target=\"_blank\" rel=\"noreferrer noopener\">www.spacointerior.com.br<\/a><\/strong><br><strong>@spacointerior<\/strong><br>Av. Rouxinol, 84 Cj. 51 &#8211; Moema, S\u00e3o Paulo \u2013 SP \/ (11) 98753-4033 (WhatsApp)<\/p>\n\n\n\n<p><strong>Foto de abertura da mat\u00e9ria: Rafael Renzo<\/strong><\/p>\n\n\n\n<p><\/p>\n","protected":false},"excerpt":{"rendered":"<p>Espa\u00e7os dedicados ao armazenamento e organiza\u00e7\u00e3o de roupas ganham novos recursos que aliam funcionalidade e est\u00e9tica Closets deixaram de ser apenas ambientes funcionais para se tornarem espa\u00e7os integrados ao estilo de vida dos moradores. Projetados com aten\u00e7\u00e3o aos detalhes, eles passaram a incorporar solu\u00e7\u00f5es que otimizam a organiza\u00e7\u00e3o das roupas, valorizam acess\u00f3rios e acrescentam sofistica\u00e7\u00e3o [&hellip;]<\/p>\n","protected":false},"author":2,"featured_media":2495,"comment_status":"closed","ping_status":"open","sticky":false,"template":"","format":"standard","meta":{"footnotes":""},"categories":[531],"tags":[587,179,201],"class_list":["post-2494","post","type-post","status-publish","format-standard","has-post-thumbnail","hentry","category-dicas","tag-closet","tag-decoracao","tag-espacos-inteligentes"],"_links":{"self":[{"href":"https:\/\/sincomavi.net\/index.php\/wp-json\/wp\/v2\/posts\/2494","targetHints":{"allow":["GET"]}}],"collection":[{"href":"https:\/\/sincomavi.net\/index.php\/wp-json\/wp\/v2\/posts"}],"about":[{"href":"https:\/\/sincomavi.net\/index.php\/wp-json\/wp\/v2\/types\/post"}],"author":[{"embeddable":true,"href":"https:\/\/sincomavi.net\/index.php\/wp-json\/wp\/v2\/users\/2"}],"replies":[{"embeddable":true,"href":"https:\/\/sincomavi.net\/index.php\/wp-json\/wp\/v2\/comments?post=2494"}],"version-history":[{"count":5,"href":"https:\/\/sincomavi.net\/index.php\/wp-json\/wp\/v2\/posts\/2494\/revisions"}],"predecessor-version":[{"id":2502,"href":"https:\/\/sincomavi.net\/index.php\/wp-json\/wp\/v2\/posts\/2494\/revisions\/2502"}],"wp:featuredmedia":[{"embeddable":true,"href":"https:\/\/sincomavi.net\/index.php\/wp-json\/wp\/v2\/media\/2495"}],"wp:attachment":[{"href":"https:\/\/sincomavi.net\/index.php\/wp-json\/wp\/v2\/media?parent=2494"}],"wp:term":[{"taxonomy":"category","embeddable":true,"href":"https:\/\/sincomavi.net\/index.php\/wp-json\/wp\/v2\/categories?post=2494"},{"taxonomy":"post_tag","embeddable":true,"href":"https:\/\/sincomavi.net\/index.php\/wp-json\/wp\/v2\/tags?post=2494"}],"curies":[{"name":"wp","href":"https:\/\/api.w.org\/{rel}","templated":true}]}}