{"id":2482,"date":"2025-05-07T14:16:02","date_gmt":"2025-05-07T14:16:02","guid":{"rendered":"https:\/\/sincomavi.net\/?p=2482"},"modified":"2025-05-07T14:16:49","modified_gmt":"2025-05-07T14:16:49","slug":"altura-da-cama-infantil-merece-atencao-de-pais","status":"publish","type":"post","link":"https:\/\/sincomavi.net\/index.php\/2025\/05\/07\/altura-da-cama-infantil-merece-atencao-de-pais\/","title":{"rendered":"Altura da cama infantil merece aten\u00e7\u00e3o de pais"},"content":{"rendered":"\n<p>A arquiteta Cristiane Schiavoni chama aten\u00e7\u00e3o para um aspecto muitas vezes negligenciado no momento de escolher a cama infantil: a altura. Segundo ela, n\u00e3o basta considerar apenas o colch\u00e3o e as dimens\u00f5es de largura e comprimento. A altura influencia diretamente nos movimentos r\u00e1pidos que as crian\u00e7as costumam fazer ao deitar, levantar ou pular.<\/p>\n\n\n\n<p>Em seus projetos, ela estabelece como crit\u00e9rios rigorosos que levam em conta a faixa et\u00e1ria e os riscos envolvidos. Para os menores, a recomenda\u00e7\u00e3o \u00e9 que, incluindo o colch\u00e3o, a cama tenha at\u00e9 40 cm de altura. \u201cEsse cuidado \u00e9 interessante at\u00e9, aproximadamente, os 5 anos, e eu ainda gosto de incluir um tapete, almofadas ou outros itens que ajudem a minimizar os impactos de uma poss\u00edvel queda\u201d, afirma. A partir dos 8 anos, j\u00e1 \u00e9 poss\u00edvel considerar camas de solteiro com altura tradicional.<\/p>\n\n\n\n<p>Em um dos quartos projetados, a arquiteta utilizou marcenaria planejada para desenvolver uma cama com degrau embutido, que tamb\u00e9m funciona como gaveta, facilitando o acesso da crian\u00e7a.<\/p>\n\n\n\n<figure class=\"wp-block-image size-large\"><img fetchpriority=\"high\" decoding=\"async\" width=\"1024\" height=\"394\" src=\"https:\/\/sincomavi.net\/wp-content\/uploads\/2025\/05\/ESCADA-1024x394.jpg\" alt=\"\" class=\"wp-image-2483\" srcset=\"https:\/\/sincomavi.net\/wp-content\/uploads\/2025\/05\/ESCADA-1024x394.jpg 1024w, https:\/\/sincomavi.net\/wp-content\/uploads\/2025\/05\/ESCADA-768x295.jpg 768w, https:\/\/sincomavi.net\/wp-content\/uploads\/2025\/05\/ESCADA-1536x591.jpg 1536w, https:\/\/sincomavi.net\/wp-content\/uploads\/2025\/05\/ESCADA-2048x788.jpg 2048w\" sizes=\"(max-width: 1024px) 100vw, 1024px\" \/><\/figure>\n\n\n\n<p><\/p>\n\n\n\n<p><strong>Estilo montessoriano e limita\u00e7\u00f5es f\u00edsicas<\/strong><\/p>\n\n\n\n<p>O estilo montessoriano, que prop\u00f5e m\u00f3veis na altura da crian\u00e7a para incentivar autonomia, tamb\u00e9m aparece nos projetos da arquiteta. \u201cDe forma geral, a proposta \u00e9 entregar para a crian\u00e7a uma organiza\u00e7\u00e3o composta por m\u00f3veis e objetos alinhados com sua altura\u201d, explica. As camas, quase no n\u00edvel do ch\u00e3o, eliminam o risco de quedas. No entanto, Cristiane pondera: \u201cConsiderando que a mam\u00e3e precisar\u00e1 abaixar com frequ\u00eancia para pegar ou interagir com a crian\u00e7a, problemas na coluna ou um p\u00f3s-parto depois de uma ces\u00e1ria, por exemplo, fazem do m\u00f3vel um desconforto\u201d.<\/p>\n\n\n\n<figure class=\"wp-block-image size-large\"><img decoding=\"async\" width=\"1024\" height=\"532\" src=\"https:\/\/sincomavi.net\/wp-content\/uploads\/2025\/05\/CHAO-1024x532.jpg\" alt=\"\" class=\"wp-image-2484\" srcset=\"https:\/\/sincomavi.net\/wp-content\/uploads\/2025\/05\/CHAO-1024x532.jpg 1024w, https:\/\/sincomavi.net\/wp-content\/uploads\/2025\/05\/CHAO-768x399.jpg 768w, https:\/\/sincomavi.net\/wp-content\/uploads\/2025\/05\/CHAO-1536x798.jpg 1536w, https:\/\/sincomavi.net\/wp-content\/uploads\/2025\/05\/CHAO-2048x1063.jpg 2048w\" sizes=\"(max-width: 1024px) 100vw, 1024px\" \/><\/figure>\n\n\n\n<p><strong>Solu\u00e7\u00f5es personalizadas<\/strong><\/p>\n\n\n\n<p>A arquiteta adaptou diferentes solu\u00e7\u00f5es em dormit\u00f3rios infantis e juvenis. Em um projeto sem distin\u00e7\u00e3o de g\u00eanero para irm\u00e3os, optou por duas camas de madeira com prote\u00e7\u00e3o lateral. J\u00e1 em um quarto para adolescente, desenvolveu cama com marcenaria sob medida, que inclui gavet\u00e3o e nicho para organiza\u00e7\u00e3o.<\/p>\n\n\n\n<figure class=\"wp-block-image size-large\"><img decoding=\"async\" width=\"1024\" height=\"532\" src=\"https:\/\/sincomavi.net\/wp-content\/uploads\/2025\/05\/PROTECAO-1024x532.jpg\" alt=\"\" class=\"wp-image-2485\" srcset=\"https:\/\/sincomavi.net\/wp-content\/uploads\/2025\/05\/PROTECAO-1024x532.jpg 1024w, https:\/\/sincomavi.net\/wp-content\/uploads\/2025\/05\/PROTECAO-768x399.jpg 768w, https:\/\/sincomavi.net\/wp-content\/uploads\/2025\/05\/PROTECAO-1536x798.jpg 1536w, https:\/\/sincomavi.net\/wp-content\/uploads\/2025\/05\/PROTECAO-2048x1063.jpg 2048w\" sizes=\"(max-width: 1024px) 100vw, 1024px\" \/><\/figure>\n\n\n\n<p><\/p>\n\n\n\n<p><strong>\u00a0Fotos: Carlos Piratininga<\/strong><\/p>\n\n\n\n<h2 class=\"wp-block-heading\"><strong>Cristiane Schiavon<\/strong><\/h2>\n\n\n\n<p>Tel. (11) 3649-4900<br><a href=\"http:\/\/www.cristianeschiavoni.com.br\/\" target=\"_blank\" rel=\"noreferrer noopener\">www.cristianeschiavoni.com.br<\/a><br>@cristianeschiavoni<\/p>\n\n\n\n<p><\/p>\n","protected":false},"excerpt":{"rendered":"<p>A arquiteta Cristiane Schiavoni chama aten\u00e7\u00e3o para um aspecto muitas vezes negligenciado no momento de escolher a cama infantil: a altura. Segundo ela, n\u00e3o basta considerar apenas o colch\u00e3o e as dimens\u00f5es de largura e comprimento. A altura influencia diretamente nos movimentos r\u00e1pidos que as crian\u00e7as costumam fazer ao deitar, levantar ou pular. Em seus [&hellip;]<\/p>\n","protected":false},"author":2,"featured_media":2486,"comment_status":"closed","ping_status":"open","sticky":false,"template":"","format":"standard","meta":{"footnotes":""},"categories":[531],"tags":[179,201],"class_list":["post-2482","post","type-post","status-publish","format-standard","has-post-thumbnail","hentry","category-dicas","tag-decoracao","tag-espacos-inteligentes"],"_links":{"self":[{"href":"https:\/\/sincomavi.net\/index.php\/wp-json\/wp\/v2\/posts\/2482","targetHints":{"allow":["GET"]}}],"collection":[{"href":"https:\/\/sincomavi.net\/index.php\/wp-json\/wp\/v2\/posts"}],"about":[{"href":"https:\/\/sincomavi.net\/index.php\/wp-json\/wp\/v2\/types\/post"}],"author":[{"embeddable":true,"href":"https:\/\/sincomavi.net\/index.php\/wp-json\/wp\/v2\/users\/2"}],"replies":[{"embeddable":true,"href":"https:\/\/sincomavi.net\/index.php\/wp-json\/wp\/v2\/comments?post=2482"}],"version-history":[{"count":1,"href":"https:\/\/sincomavi.net\/index.php\/wp-json\/wp\/v2\/posts\/2482\/revisions"}],"predecessor-version":[{"id":2487,"href":"https:\/\/sincomavi.net\/index.php\/wp-json\/wp\/v2\/posts\/2482\/revisions\/2487"}],"wp:featuredmedia":[{"embeddable":true,"href":"https:\/\/sincomavi.net\/index.php\/wp-json\/wp\/v2\/media\/2486"}],"wp:attachment":[{"href":"https:\/\/sincomavi.net\/index.php\/wp-json\/wp\/v2\/media?parent=2482"}],"wp:term":[{"taxonomy":"category","embeddable":true,"href":"https:\/\/sincomavi.net\/index.php\/wp-json\/wp\/v2\/categories?post=2482"},{"taxonomy":"post_tag","embeddable":true,"href":"https:\/\/sincomavi.net\/index.php\/wp-json\/wp\/v2\/tags?post=2482"}],"curies":[{"name":"wp","href":"https:\/\/api.w.org\/{rel}","templated":true}]}}