{"id":1136,"date":"2021-08-26T14:16:34","date_gmt":"2021-08-26T14:16:34","guid":{"rendered":"https:\/\/sincomavi.net\/?p=1136"},"modified":"2025-04-23T13:43:00","modified_gmt":"2025-04-23T13:43:00","slug":"melhor-integracao-e-mais-personalidade","status":"publish","type":"post","link":"https:\/\/sincomavi.net\/index.php\/2021\/08\/26\/melhor-integracao-e-mais-personalidade\/","title":{"rendered":"Melhor integra\u00e7\u00e3o e mais personalidade"},"content":{"rendered":"<p>A arquiteta Marina Carvalho se valeu de uma paleta de cores diferenciada para dar maior n\u00edvel de vivacidade ao apartamento com 80m2. Entre os objetivos da reforma estava a melhor integra\u00e7\u00e3o de ambientes &#8211; forma de tornar o im\u00f3vel mais pr\u00e1tico e aconchegante. \u201cPropusemos solu\u00e7\u00f5es tanto na parte estrutural quanto na decora\u00e7\u00e3o para atender as necessidades e anseios da cliente\u201d, explica Marina. A planta original contava com metragem reduzida na \u00e1rea social, por essa raz\u00e3o foi preciso uma s\u00e9rie de interven\u00e7\u00f5es para deixar os espa\u00e7os do jeitinho desejado pela propriet\u00e1ria.<\/p>\n<p>\u00a0<\/p>\n<p><img fetchpriority=\"high\" decoding=\"async\" class=\"alignnone wp-image-1150 size-large\" src=\"https:\/\/sincomavi.net\/wp-content\/uploads\/2021\/08\/MARINA2-1024x682.jpg\" alt=\"\" width=\"1024\" height=\"682\" srcset=\"https:\/\/sincomavi.net\/wp-content\/uploads\/2021\/08\/MARINA2-1024x682.jpg 1024w, https:\/\/sincomavi.net\/wp-content\/uploads\/2021\/08\/MARINA2-300x200.jpg 300w, https:\/\/sincomavi.net\/wp-content\/uploads\/2021\/08\/MARINA2-768x512.jpg 768w, https:\/\/sincomavi.net\/wp-content\/uploads\/2021\/08\/MARINA2.jpg 1400w\" sizes=\"(max-width: 1024px) 100vw, 1024px\" \/><\/p>\n<p>A sala de jantar passou a ser integrada com o estar e a cozinha, o que garantiu mais conforto para a recep\u00e7\u00e3o de amigos e familiares. Para a economia de espa\u00e7o, o conjunto ganhou um canto alem\u00e3o, que se vale de banco ou sof\u00e1 junto \u00e0 parede. \u201cNa decora\u00e7\u00e3o desse canto, propusemos algo diferente: ao inv\u00e9s de quadros ou fotografias, apostamos na composi\u00e7\u00e3o artesanal chamada Casablanca. Eu amei esse mix entre chap\u00e9us, pratos e tampas de cestos, deixando o ambiente \u00fanico e marcante\u201d, explica.<\/p>\n<p><img decoding=\"async\" class=\"alignnone wp-image-1151 size-large\" src=\"https:\/\/sincomavi.net\/wp-content\/uploads\/2021\/08\/MARINA3-1024x682.jpg\" alt=\"\" width=\"1024\" height=\"682\" srcset=\"https:\/\/sincomavi.net\/wp-content\/uploads\/2021\/08\/MARINA3-1024x682.jpg 1024w, https:\/\/sincomavi.net\/wp-content\/uploads\/2021\/08\/MARINA3-300x200.jpg 300w, https:\/\/sincomavi.net\/wp-content\/uploads\/2021\/08\/MARINA3-768x512.jpg 768w, https:\/\/sincomavi.net\/wp-content\/uploads\/2021\/08\/MARINA3.jpg 1400w\" sizes=\"(max-width: 1024px) 100vw, 1024px\" \/><\/p>\n<p>A cozinha, com 8m\u00b2, recebeu um projeto de marcenaria para que cada cantinho fosse melhor aproveitado. A otimiza\u00e7\u00e3o de espa\u00e7o passou ainda pela escolha de um tampo de pedra que acompanha a altura da lavanderia, que \u00e9 praticamente grudada com a cozinha. Marina ressalta ainda que a porta de correr embutida, executada em serralharia preta e vidro mini boreal, separa as duas bancadas e cria uma divis\u00e3o entre os ambientes: \u201cA lavanderia seguiu a especifica\u00e7\u00e3o que trabalhamos na cozinha. Na aten\u00e7\u00e3o aos detalhes, o lixo foi inserido dentro de um dos arm\u00e1rios, dando uma sensa\u00e7\u00e3o de limpeza e organiza\u00e7\u00e3o\u201d.<\/p>\n<p><img decoding=\"async\" class=\"alignnone wp-image-1152\" src=\"https:\/\/sincomavi.net\/wp-content\/uploads\/2021\/08\/MARINA4-701x1024.jpg\" alt=\"\" width=\"400\" height=\"585\" srcset=\"https:\/\/sincomavi.net\/wp-content\/uploads\/2021\/08\/MARINA4-701x1024.jpg 701w, https:\/\/sincomavi.net\/wp-content\/uploads\/2021\/08\/MARINA4-205x300.jpg 205w, https:\/\/sincomavi.net\/wp-content\/uploads\/2021\/08\/MARINA4-768x1122.jpg 768w, https:\/\/sincomavi.net\/wp-content\/uploads\/2021\/08\/MARINA4.jpg 958w\" sizes=\"(max-width: 400px) 100vw, 400px\" \/><\/p>\n<p>Nas \u00e1reas \u00edntimas, os destaques ficam para o home office, quarto adaptado para executar essa fun\u00e7\u00e3o, e a cor verde aplicada na parede da cabeceira da cama no dormit\u00f3rio. O contraste \u00e9 feito pela brancura das demais paredes do ambiente e pelos m\u00f3veis pretos.<\/p>\n<p><img loading=\"lazy\" decoding=\"async\" class=\"alignnone wp-image-1153\" src=\"https:\/\/sincomavi.net\/wp-content\/uploads\/2021\/08\/MARINA5-204x300.jpg\" alt=\"\" width=\"400\" height=\"589\" srcset=\"https:\/\/sincomavi.net\/wp-content\/uploads\/2021\/08\/MARINA5-204x300.jpg 204w, https:\/\/sincomavi.net\/wp-content\/uploads\/2021\/08\/MARINA5-768x1132.jpg 768w, https:\/\/sincomavi.net\/wp-content\/uploads\/2021\/08\/MARINA5-695x1024.jpg 695w, https:\/\/sincomavi.net\/wp-content\/uploads\/2021\/08\/MARINA5.jpg 950w\" sizes=\"(max-width: 400px) 100vw, 400px\" \/><\/p>\n<p>O banheiro, conectado ao dormit\u00f3rio, n\u00e3o passou por grandes altera\u00e7\u00f5es. Os azulejos brancos de 20&#215;20 cm foram rejuntados em azul, combinando com a serralheria do box e a marcenaria.<\/p>\n<p><img loading=\"lazy\" decoding=\"async\" class=\"alignnone wp-image-1154\" src=\"https:\/\/sincomavi.net\/wp-content\/uploads\/2021\/08\/MARINA6-200x300.jpg\" alt=\"\" width=\"400\" height=\"600\" srcset=\"https:\/\/sincomavi.net\/wp-content\/uploads\/2021\/08\/MARINA6-200x300.jpg 200w, https:\/\/sincomavi.net\/wp-content\/uploads\/2021\/08\/MARINA6-768x1152.jpg 768w, https:\/\/sincomavi.net\/wp-content\/uploads\/2021\/08\/MARINA6-682x1024.jpg 682w, https:\/\/sincomavi.net\/wp-content\/uploads\/2021\/08\/MARINA6.jpg 933w\" sizes=\"(max-width: 400px) 100vw, 400px\" \/><\/p>\n<p>J\u00e1 no banheiro social, que tamb\u00e9m serve como lavabo e acompanha caracter\u00edsticas semelhantes ao principal, a serralheria do box ganhou uma pintura eletrost\u00e1tica em um tom tijolo e vidros mino boreal.<\/p>\n<p><img loading=\"lazy\" decoding=\"async\" class=\"alignnone wp-image-1155\" src=\"https:\/\/sincomavi.net\/wp-content\/uploads\/2021\/08\/MARINA7-194x300.jpg\" alt=\"\" width=\"400\" height=\"619\" srcset=\"https:\/\/sincomavi.net\/wp-content\/uploads\/2021\/08\/MARINA7-194x300.jpg 194w, https:\/\/sincomavi.net\/wp-content\/uploads\/2021\/08\/MARINA7-768x1188.jpg 768w, https:\/\/sincomavi.net\/wp-content\/uploads\/2021\/08\/MARINA7-662x1024.jpg 662w, https:\/\/sincomavi.net\/wp-content\/uploads\/2021\/08\/MARINA7.jpg 905w\" sizes=\"(max-width: 400px) 100vw, 400px\" \/><\/p>\n<p>Todo o apartamento recebeu porcelanato (1,20&#215;1,20m) padr\u00e3o tacos de madeira por sua est\u00e9tica e praticidade. As pe\u00e7as foram assentadas com a pagina\u00e7\u00e3o espinha de peixe, o que criou um efeito bastante bonito.<\/p>\n<p>Todo o apartamento recebeu porcelanato (1,20&#215;1,20m) padr\u00e3o tacos de madeira por sua est\u00e9tica e praticidade. As pe\u00e7as foram assentadas com a pagina\u00e7\u00e3o espinha de peixe, o que criou um efeito bastante bonito.<\/p>\n<p><strong>Fotos:<\/strong> Evelyn M\u00fcller<\/p>\n<p><strong>Marina Carvalho<\/strong><br \/>Arquiteta<br \/>www.marinacarvalho.com<br \/>Telefone: (11) 4324-4555<br \/>Instagram: @marina.carvalho.arquiteta<\/p>\n<p>\u00a0<\/p>\n\n\n<p><\/p>\n","protected":false},"excerpt":{"rendered":"<p>A arquiteta Marina Carvalho se valeu de uma paleta de cores diferenciada para dar maior n\u00edvel de vivacidade ao apartamento com 80m2. Entre os objetivos da reforma estava a melhor integra\u00e7\u00e3o de ambientes &#8211; forma de tornar o im\u00f3vel mais pr\u00e1tico e aconchegante. \u201cPropusemos solu\u00e7\u00f5es tanto na parte estrutural quanto na decora\u00e7\u00e3o para atender as [&hellip;]<\/p>\n","protected":false},"author":2,"featured_media":1149,"comment_status":"closed","ping_status":"open","sticky":false,"template":"","format":"standard","meta":{"footnotes":""},"categories":[51],"tags":[178,179,201,221,199,176],"class_list":["post-1136","post","type-post","status-publish","format-standard","has-post-thumbnail","hentry","category-retrofit-e-reformas","tag-apartamento","tag-decoracao","tag-espacos-inteligentes","tag-home-office","tag-marcenaria","tag-reforma"],"_links":{"self":[{"href":"https:\/\/sincomavi.net\/index.php\/wp-json\/wp\/v2\/posts\/1136","targetHints":{"allow":["GET"]}}],"collection":[{"href":"https:\/\/sincomavi.net\/index.php\/wp-json\/wp\/v2\/posts"}],"about":[{"href":"https:\/\/sincomavi.net\/index.php\/wp-json\/wp\/v2\/types\/post"}],"author":[{"embeddable":true,"href":"https:\/\/sincomavi.net\/index.php\/wp-json\/wp\/v2\/users\/2"}],"replies":[{"embeddable":true,"href":"https:\/\/sincomavi.net\/index.php\/wp-json\/wp\/v2\/comments?post=1136"}],"version-history":[{"count":2,"href":"https:\/\/sincomavi.net\/index.php\/wp-json\/wp\/v2\/posts\/1136\/revisions"}],"predecessor-version":[{"id":2119,"href":"https:\/\/sincomavi.net\/index.php\/wp-json\/wp\/v2\/posts\/1136\/revisions\/2119"}],"wp:featuredmedia":[{"embeddable":true,"href":"https:\/\/sincomavi.net\/index.php\/wp-json\/wp\/v2\/media\/1149"}],"wp:attachment":[{"href":"https:\/\/sincomavi.net\/index.php\/wp-json\/wp\/v2\/media?parent=1136"}],"wp:term":[{"taxonomy":"category","embeddable":true,"href":"https:\/\/sincomavi.net\/index.php\/wp-json\/wp\/v2\/categories?post=1136"},{"taxonomy":"post_tag","embeddable":true,"href":"https:\/\/sincomavi.net\/index.php\/wp-json\/wp\/v2\/tags?post=1136"}],"curies":[{"name":"wp","href":"https:\/\/api.w.org\/{rel}","templated":true}]}}