{"id":112,"date":"2020-05-15T19:43:04","date_gmt":"2020-05-15T19:43:04","guid":{"rendered":"https:\/\/sincomavi.net\/?p=112"},"modified":"2025-04-23T13:55:50","modified_gmt":"2025-04-23T13:55:50","slug":"varandas-gourmet-diversao-e-privacidade-garantidas","status":"publish","type":"post","link":"https:\/\/sincomavi.net\/index.php\/2020\/05\/15\/varandas-gourmet-diversao-e-privacidade-garantidas\/","title":{"rendered":"Varandas gourmet: espa\u00e7o mais do que desejado"},"content":{"rendered":"<p>A pandemia acabou por jogar uma nova perspectiva em rela\u00e7\u00e3o aos ambientes. Tendo que ficar muito mais tempo em casa, as pessoas passaram a valorizar ainda mais as \u00e1reas internas, principalmente os voltados ao trabalho e lazer. As varandas gourmet nos apartamentos, por exemplo, que j\u00e1 eram espa\u00e7os muito procurados, hoje encabe\u00e7am a lista dos mais desejados.<\/p>\n<p><img fetchpriority=\"high\" decoding=\"async\" class=\"alignnone size-medium wp-image-116\" src=\"https:\/\/sincomavi.net\/wp-content\/uploads\/2020\/05\/Arquiteto-Aquiles-N\u00edcolas-K\u00edlaris-varandas-gourmet-3-300x256.jpg\" alt=\"\" width=\"300\" height=\"256\" srcset=\"https:\/\/sincomavi.net\/wp-content\/uploads\/2020\/05\/Arquiteto-Aquiles-N\u00edcolas-K\u00edlaris-varandas-gourmet-3-300x256.jpg 300w, https:\/\/sincomavi.net\/wp-content\/uploads\/2020\/05\/Arquiteto-Aquiles-N\u00edcolas-K\u00edlaris-varandas-gourmet-3.jpg 750w\" sizes=\"(max-width: 300px) 100vw, 300px\" \/><\/p>\n<p>A boa not\u00edcia \u00e9 que, independente da metragem do im\u00f3vel, \u00e9 poss\u00edvel criar um espa\u00e7o aconchegante e acolhedor. O arquiteto Aquiles N\u00edcolas K\u00edlaris possui v\u00e1rios projetos nesse sentido, que comprovam que n\u00e3o h\u00e1 uma metragem m\u00ednima para estes espa\u00e7os e que o importante \u00e9 ter uma boa de distribui\u00e7\u00e3o de espa\u00e7o. Entre os casos exemplificados est\u00e1 um loft com varanda, com a \u00e1rea total do im\u00f3vel \u00e9 40 m2 quadrados, que ganhou um espa\u00e7o com muito charme. \u00a0\u201cNo caso de uma cobertura que projetamos, somente a varanda tem 45m2. Nela pudemos criar um gourmet com uma grande bancada em \u00f4nix com ilumina\u00e7\u00e3o embutida\u201d, comenta.<\/p>\n<p><img decoding=\"async\" class=\"alignnone size-medium wp-image-119\" src=\"https:\/\/sincomavi.net\/wp-content\/uploads\/2020\/05\/Arquiteto-Aquiles-N\u00edcolas-K\u00edlaris-varandas-gourmet-6-300x256.jpg\" alt=\"\" width=\"300\" height=\"256\" srcset=\"https:\/\/sincomavi.net\/wp-content\/uploads\/2020\/05\/Arquiteto-Aquiles-N\u00edcolas-K\u00edlaris-varandas-gourmet-6-300x256.jpg 300w, https:\/\/sincomavi.net\/wp-content\/uploads\/2020\/05\/Arquiteto-Aquiles-N\u00edcolas-K\u00edlaris-varandas-gourmet-6.jpg 750w\" sizes=\"(max-width: 300px) 100vw, 300px\" \/><\/p>\n<p>Uma boa varanda gourmet vem acompanhada por churrasqueira, balc\u00e3o de trabalho com cuba e de refei\u00e7\u00e3o, pequeno fog\u00e3o, \u00e1rea para TV. Aquiles explica que, caso o espa\u00e7o comporte, tamb\u00e9m \u00e9 recomendado colocar tamb\u00e9m uma mesa com cadeiras, sof\u00e1 ou poltrona para montar o estar.<\/p>\n<p>Em rela\u00e7\u00e3o aos estilos, projetos mais contempor\u00e2neos permitem a cria\u00e7\u00e3o de espa\u00e7os mais r\u00fasticos. \u201cPara que haja harmonia entre eles \u00e9 preciso apenas adotar um ou outro elemento contempor\u00e2neo que fa\u00e7a o elo entre eles\u201d, explica. Vale a pena lembrar que normalmente as \u00e1reas externas sofrem mais com as condi\u00e7\u00f5es do tempo, como sol forte e chuva. Por este motivo, os materiais usados na decora\u00e7\u00e3o e acabamento devem ser mais resistentes. \u201cUsamos pisos cer\u00e2micos, m\u00f3veis de fibras sint\u00e9ticas e couro n\u00e1utico. Depois de tudo pronto, \u00e9 s\u00f3 desfrutar!\u201d, finaliza.<\/p>\n","protected":false},"excerpt":{"rendered":"<p>A pandemia acabou por jogar uma nova perspectiva em rela\u00e7\u00e3o aos ambientes. Tendo que ficar muito mais tempo em casa, as pessoas passaram a valorizar ainda mais as \u00e1reas internas, principalmente os voltados ao trabalho e lazer. As varandas gourmet nos apartamentos, por exemplo, que j\u00e1 eram espa\u00e7os muito procurados, hoje encabe\u00e7am a lista dos [&hellip;]<\/p>\n","protected":false},"author":2,"featured_media":118,"comment_status":"closed","ping_status":"open","sticky":false,"template":"","format":"standard","meta":{"footnotes":""},"categories":[57],"tags":[58],"class_list":["post-112","post","type-post","status-publish","format-standard","has-post-thumbnail","hentry","category-espacos-especiais","tag-varandas"],"_links":{"self":[{"href":"https:\/\/sincomavi.net\/index.php\/wp-json\/wp\/v2\/posts\/112","targetHints":{"allow":["GET"]}}],"collection":[{"href":"https:\/\/sincomavi.net\/index.php\/wp-json\/wp\/v2\/posts"}],"about":[{"href":"https:\/\/sincomavi.net\/index.php\/wp-json\/wp\/v2\/types\/post"}],"author":[{"embeddable":true,"href":"https:\/\/sincomavi.net\/index.php\/wp-json\/wp\/v2\/users\/2"}],"replies":[{"embeddable":true,"href":"https:\/\/sincomavi.net\/index.php\/wp-json\/wp\/v2\/comments?post=112"}],"version-history":[{"count":9,"href":"https:\/\/sincomavi.net\/index.php\/wp-json\/wp\/v2\/posts\/112\/revisions"}],"predecessor-version":[{"id":2144,"href":"https:\/\/sincomavi.net\/index.php\/wp-json\/wp\/v2\/posts\/112\/revisions\/2144"}],"wp:featuredmedia":[{"embeddable":true,"href":"https:\/\/sincomavi.net\/index.php\/wp-json\/wp\/v2\/media\/118"}],"wp:attachment":[{"href":"https:\/\/sincomavi.net\/index.php\/wp-json\/wp\/v2\/media?parent=112"}],"wp:term":[{"taxonomy":"category","embeddable":true,"href":"https:\/\/sincomavi.net\/index.php\/wp-json\/wp\/v2\/categories?post=112"},{"taxonomy":"post_tag","embeddable":true,"href":"https:\/\/sincomavi.net\/index.php\/wp-json\/wp\/v2\/tags?post=112"}],"curies":[{"name":"wp","href":"https:\/\/api.w.org\/{rel}","templated":true}]}}